{"id":2512,"date":"2024-07-04T21:51:12","date_gmt":"2024-07-05T01:51:12","guid":{"rendered":"https:\/\/www.vagovernorsschool.com\/FrenchAcademy\/?p=2512"},"modified":"2024-07-14T19:06:48","modified_gmt":"2024-07-14T23:06:48","slug":"les-premieres-impressions-de-lacademie-francaise-2024","status":"publish","type":"post","link":"https:\/\/www.vagovernorsschool.com\/FrenchAcademy\/les-premieres-impressions-de-lacademie-francaise-2024\/","title":{"rendered":"Les premi\u00e8res impressions de l&#8217;Acad\u00e9mie Fran\u00e7aise 2024!"},"content":{"rendered":"\n<figure class=\"wp-block-image size-full is-resized\"><a href=\"https:\/\/www.vagovernorsschool.com\/FrenchAcademy\/wp-content\/uploads\/2024\/07\/fete-de-la-musique2-scaled.jpg\"><img loading=\"lazy\" decoding=\"async\" width=\"2560\" height=\"1630\" src=\"https:\/\/www.vagovernorsschool.com\/FrenchAcademy\/wp-content\/uploads\/2024\/07\/fete-de-la-musique2-scaled.jpg\" alt=\"\" class=\"wp-image-2569\" style=\"width:832px;height:auto\" srcset=\"https:\/\/www.vagovernorsschool.com\/FrenchAcademy\/wp-content\/uploads\/2024\/07\/fete-de-la-musique2-scaled.jpg 2560w, https:\/\/www.vagovernorsschool.com\/FrenchAcademy\/wp-content\/uploads\/2024\/07\/fete-de-la-musique2-300x191.jpg 300w\" sizes=\"auto, (max-width: 2560px) 100vw, 2560px\" \/><\/a><\/figure>\n\n\n\n<div class=\"wp-block-group has-background\" style=\"background-color:#ececec\"><div class=\"wp-block-group__inner-container is-layout-constrained wp-block-group-is-layout-constrained\">\n<p class=\"has-medium-font-size\">Bonjour ch\u00e8res familles,&nbsp;&nbsp;<\/p>\n\n\n\n<p>Voici mes premi\u00e8res impressions de l\u2019Acad\u00e9mie\u202f: Quand je suis arriv\u00e9e avec ma m\u00e8re, j\u2019ai remarqu\u00e9 la taille des b\u00e2timents de l\u2019Universit\u00e9, leur architecture comme les vieux b\u00e2timents de Washington DC, et ma m\u00e8re m\u2019a montr\u00e9 aussi comme toutes les petits magasins pr\u00e8s de l\u2019universit\u00e9 \u00e9taient comme dans une petite ville il y a des ans. \u00c7a m\u2019a donn\u00e9 de la tranquillit\u00e9 d\u2019esprit que l\u2019Acad\u00e9mie n\u2019\u00e9tait pas quelque chose effrayante. J\u2019ai monte l\u2019ascenseur en essayant de ne pas laisser tomber mes choses, et je me suis install\u00e9e dans ma petite chambre. Avant j\u2019avais pense que j\u2019aurais une camarade de chambre, mais non, c\u2019\u00e9tait juste mois, et m\u00eame maintenant, chaque fois que je retourne \u00e0 mon coin, je dis \u00ab\u202fcoucou, ma petite chambre\u202f\u00bb.&nbsp;&nbsp;<\/p>\n\n\n\n<p>J\u2019aimais toujours parler en fran\u00e7ais, et j\u2019avais h\u00e2te d\u2019avoir l\u2019opportunit\u00e9 de le parler sans arr\u00eat pendant trois semaines, mais d\u2019\u00eatre dans la m\u00eame salle que 60+ gens qui aussi parlaient fran\u00e7ais\u2026j\u2019\u00e9tais nerveuse mais aussi je ne pouvais pas attendre de commencer\u202f: Madame la Directrice nous a donne une tr\u00e8s belle parole ou j\u2019ai ri et j\u2019avais l\u2019impression que ces trois semaines vont \u00eatre plein des rires, des sourires, et bien s\u00fbr, du fran\u00e7ais. On a tout fait des introductions et nous avons mange un diner fran\u00e7ais excellent. On est venu sur la pelouse verte et on a joue des jeux sportifs pour encore mieux connaitre l\u2019un a l\u2019autre. M\u00eame si je ne connais personne, j\u2019ai vu que tous les profs \u00e9taient bien amusants et que les autres \u00e9tudiants \u00e9taient nerveux comme moi, mais ils voulaient faire des amis. Pendant la nuit, avant d\u2019aller dans nos chambres pour dormir, presque toutes les filles au troisi\u00e8me \u00e9tage se sont assisses dans le couloir pour parler, rire, et \u00e9changer des id\u00e9es pendant qu\u2019on faisait des d\u00e9corations en papier pour nos portes. Il y avait un Adam Sandler, un hamburger, un Tour Eiffel, et plus. Moi, j\u2019ai cr\u00e9\u00e9 une dizaine de fleurs pour me faire sourire chaque fois que je rentre \u00e0 ma petite chambre.&nbsp;&nbsp;<\/p>\n\n\n\n<p>Je ne voulais pas dire au revoir \u00e0 ma maman, et je voulais plus de temps d\u2019\u00eatre seule avec elle. Le moment que Madame la Directrice nous a annonc\u00e9 que c\u2019\u00e9tait l\u2019heure pour les parents de partir, j\u2019avais un sens de panique, parce que tout d\u2019un coup, je serai tr\u00e8s seule dans un lieu compl\u00e9tement nouveau. Mon visage est devenu tr\u00e8s rouge et mes yeux mouilles. \u00ab\u202fNe pleure pas,\u202f\u00bb ma maman m\u2019a dit avec un petit sourit d\u2019encouragement, et j\u2019essayais de me composer tant que je lui ai donn\u00e9 un autre grand c\u00e2lin, mais \u00e7a a fini trop t\u00f4t. Ce n\u2019est jamais assez. Et avec le dernier c\u00e2lin, j\u2019ai commenc\u00e9 un nouveau d\u00e9couvert.&nbsp;&nbsp;<\/p>\n\n\n\n<p class=\"has-medium-font-size\">Par Ginevra&nbsp;<\/p>\n<\/div><\/div>\n\n\n\n<figure class=\"wp-block-gallery has-nested-images columns-default is-cropped wp-block-gallery-1 is-layout-flex wp-block-gallery-is-layout-flex\">\n<figure class=\"wp-block-image size-large\"><a href=\"https:\/\/www.vagovernorsschool.com\/FrenchAcademy\/wp-content\/uploads\/2024\/07\/IMG_1740-scaled.jpg\"><img loading=\"lazy\" decoding=\"async\" width=\"2560\" height=\"1707\" data-id=\"2550\" src=\"https:\/\/www.vagovernorsschool.com\/FrenchAcademy\/wp-content\/uploads\/2024\/07\/IMG_1740-scaled.jpg\" alt=\"\" class=\"wp-image-2550\" srcset=\"https:\/\/www.vagovernorsschool.com\/FrenchAcademy\/wp-content\/uploads\/2024\/07\/IMG_1740-scaled.jpg 2560w, https:\/\/www.vagovernorsschool.com\/FrenchAcademy\/wp-content\/uploads\/2024\/07\/IMG_1740-300x200.jpg 300w\" sizes=\"auto, (max-width: 2560px) 100vw, 2560px\" \/><\/a><\/figure>\n\n\n\n<figure class=\"wp-block-image size-large\"><a href=\"https:\/\/www.vagovernorsschool.com\/FrenchAcademy\/wp-content\/uploads\/2024\/07\/26-Juin-ALette-MacKenzie-Vienne-Ainsely-scaled.jpg\"><img loading=\"lazy\" decoding=\"async\" width=\"2560\" height=\"1707\" data-id=\"2549\" src=\"https:\/\/www.vagovernorsschool.com\/FrenchAcademy\/wp-content\/uploads\/2024\/07\/26-Juin-ALette-MacKenzie-Vienne-Ainsely-scaled.jpg\" alt=\"\" class=\"wp-image-2549\" srcset=\"https:\/\/www.vagovernorsschool.com\/FrenchAcademy\/wp-content\/uploads\/2024\/07\/26-Juin-ALette-MacKenzie-Vienne-Ainsely-scaled.jpg 2560w, https:\/\/www.vagovernorsschool.com\/FrenchAcademy\/wp-content\/uploads\/2024\/07\/26-Juin-ALette-MacKenzie-Vienne-Ainsely-300x200.jpg 300w\" sizes=\"auto, (max-width: 2560px) 100vw, 2560px\" \/><\/a><\/figure>\n\n\n\n<figure class=\"wp-block-image size-large\"><a href=\"https:\/\/www.vagovernorsschool.com\/FrenchAcademy\/wp-content\/uploads\/2024\/07\/26-Juin-Carter-Rasika-Heidi-Lindsey-Nadia-Gavin-scaled.jpg\"><img loading=\"lazy\" decoding=\"async\" width=\"2560\" height=\"1707\" data-id=\"2548\" src=\"https:\/\/www.vagovernorsschool.com\/FrenchAcademy\/wp-content\/uploads\/2024\/07\/26-Juin-Carter-Rasika-Heidi-Lindsey-Nadia-Gavin-scaled.jpg\" alt=\"\" class=\"wp-image-2548\" srcset=\"https:\/\/www.vagovernorsschool.com\/FrenchAcademy\/wp-content\/uploads\/2024\/07\/26-Juin-Carter-Rasika-Heidi-Lindsey-Nadia-Gavin-scaled.jpg 2560w, https:\/\/www.vagovernorsschool.com\/FrenchAcademy\/wp-content\/uploads\/2024\/07\/26-Juin-Carter-Rasika-Heidi-Lindsey-Nadia-Gavin-300x200.jpg 300w\" sizes=\"auto, (max-width: 2560px) 100vw, 2560px\" \/><\/a><\/figure>\n\n\n\n<figure class=\"wp-block-image size-large\"><a href=\"https:\/\/www.vagovernorsschool.com\/FrenchAcademy\/wp-content\/uploads\/2024\/07\/IMG_0405-scaled.jpg\"><img loading=\"lazy\" decoding=\"async\" width=\"2560\" height=\"1707\" data-id=\"2542\" src=\"https:\/\/www.vagovernorsschool.com\/FrenchAcademy\/wp-content\/uploads\/2024\/07\/IMG_0405-scaled.jpg\" alt=\"\" class=\"wp-image-2542\" srcset=\"https:\/\/www.vagovernorsschool.com\/FrenchAcademy\/wp-content\/uploads\/2024\/07\/IMG_0405-scaled.jpg 2560w, https:\/\/www.vagovernorsschool.com\/FrenchAcademy\/wp-content\/uploads\/2024\/07\/IMG_0405-300x200.jpg 300w\" sizes=\"auto, (max-width: 2560px) 100vw, 2560px\" \/><\/a><\/figure>\n<\/figure>\n\n\n\n<div class=\"wp-block-group has-background\" style=\"background-color:#ececec\"><div class=\"wp-block-group__inner-container is-layout-constrained wp-block-group-is-layout-constrained\">\n<p class=\"has-medium-font-size\">Bonjour Monsieur ou Madame,&nbsp;&nbsp;<\/p>\n\n\n\n<p>Chaque \u00e9tudiant ici a eu des premi\u00e8res impressions diff\u00e9rentes\u202f; les miennes sont au-dessus\u202f:&nbsp;&nbsp;<\/p>\n\n\n\n<p>Pendant les jours avant que je sois arriv\u00e9 ici, j\u2019\u00e9tais \u00e9videment nerveux. C\u2019\u00e9tait la premi\u00e8re fois que je vivrais dans un nouveau lieu; \u00e9galement je ne voulais pas dire \u00ab\u202fau revoir\u202f\u00bb \u00e0 mes parents. Mais pour grandir, il faut faire face \u00e0 n\u2019importe quoi et se souvenir qu\u2019apr\u00e8s la pluie, il y a le beau temps.&nbsp;&nbsp;<\/p>\n\n\n\n<p>\u00c9ventuellement, nous \u00e9tions les bienvenus, et apr\u00e8s la c\u00e9r\u00e9monie, mes parents me sont partis. La, j\u2019\u00e9tais tout seul. Au d\u00e9but, j\u2019avais peur de parler uniquement en fran\u00e7ais.&nbsp;&nbsp;<\/p>\n\n\n\n<p>Ce sont les autres gar\u00e7ons qui m\u2019ont aid\u00e9 me sentir confortable. La preim\u00e8re nuit, nous avons jou\u00e9 UNO\u202f; \u00e7a a aid\u00e9 brisser la glace entre nous.&nbsp;&nbsp;<\/p>\n\n\n\n<p>Je pense que je suis bien trait\u00e9 ici et nous, les gar\u00e7ons, ont commenc\u00e9 a former un rapport. J\u2019\u00e9sp\u00e8re que nous continuons a \u00eatre amis et j\u2019ai h\u00e2te de voir ce qu\u2019il se passera pendant les semaines venantes.&nbsp;&nbsp;<\/p>\n\n\n\n<p class=\"has-medium-font-size\">Par Austin <\/p>\n<\/div><\/div>\n\n\n\n<figure class=\"wp-block-gallery has-nested-images columns-default is-cropped wp-block-gallery-2 is-layout-flex wp-block-gallery-is-layout-flex\">\n<figure class=\"wp-block-image size-large\"><a href=\"https:\/\/www.vagovernorsschool.com\/FrenchAcademy\/wp-content\/uploads\/2024\/07\/IMG-20240624-WA0015.jpeg\"><img loading=\"lazy\" decoding=\"async\" width=\"1024\" height=\"768\" data-id=\"2572\" src=\"https:\/\/www.vagovernorsschool.com\/FrenchAcademy\/wp-content\/uploads\/2024\/07\/IMG-20240624-WA0015-1024x768.jpeg\" alt=\"\" class=\"wp-image-2572\" srcset=\"https:\/\/www.vagovernorsschool.com\/FrenchAcademy\/wp-content\/uploads\/2024\/07\/IMG-20240624-WA0015-1024x768.jpeg 1024w, https:\/\/www.vagovernorsschool.com\/FrenchAcademy\/wp-content\/uploads\/2024\/07\/IMG-20240624-WA0015-300x225.jpeg 300w, https:\/\/www.vagovernorsschool.com\/FrenchAcademy\/wp-content\/uploads\/2024\/07\/IMG-20240624-WA0015-768x576.jpeg 768w, https:\/\/www.vagovernorsschool.com\/FrenchAcademy\/wp-content\/uploads\/2024\/07\/IMG-20240624-WA0015-1536x1152.jpeg 1536w, https:\/\/www.vagovernorsschool.com\/FrenchAcademy\/wp-content\/uploads\/2024\/07\/IMG-20240624-WA0015.jpeg 1600w\" sizes=\"auto, (max-width: 1024px) 100vw, 1024px\" \/><\/a><\/figure>\n\n\n\n<figure class=\"wp-block-image size-large\"><a href=\"https:\/\/www.vagovernorsschool.com\/FrenchAcademy\/wp-content\/uploads\/2024\/07\/IMG_1751-scaled.jpg\"><img loading=\"lazy\" decoding=\"async\" width=\"2560\" height=\"1707\" data-id=\"2551\" src=\"https:\/\/www.vagovernorsschool.com\/FrenchAcademy\/wp-content\/uploads\/2024\/07\/IMG_1751-scaled.jpg\" alt=\"\" class=\"wp-image-2551\" srcset=\"https:\/\/www.vagovernorsschool.com\/FrenchAcademy\/wp-content\/uploads\/2024\/07\/IMG_1751-scaled.jpg 2560w, https:\/\/www.vagovernorsschool.com\/FrenchAcademy\/wp-content\/uploads\/2024\/07\/IMG_1751-300x200.jpg 300w\" sizes=\"auto, (max-width: 2560px) 100vw, 2560px\" \/><\/a><\/figure>\n\n\n\n<figure class=\"wp-block-image size-large\"><a href=\"https:\/\/www.vagovernorsschool.com\/FrenchAcademy\/wp-content\/uploads\/2024\/07\/20240622_114803-scaled.jpeg\"><img loading=\"lazy\" decoding=\"async\" width=\"1024\" height=\"485\" data-id=\"2574\" src=\"https:\/\/www.vagovernorsschool.com\/FrenchAcademy\/wp-content\/uploads\/2024\/07\/20240622_114803-1024x485.jpeg\" alt=\"\" class=\"wp-image-2574\" srcset=\"https:\/\/www.vagovernorsschool.com\/FrenchAcademy\/wp-content\/uploads\/2024\/07\/20240622_114803-1024x485.jpeg 1024w, https:\/\/www.vagovernorsschool.com\/FrenchAcademy\/wp-content\/uploads\/2024\/07\/20240622_114803-300x142.jpeg 300w, https:\/\/www.vagovernorsschool.com\/FrenchAcademy\/wp-content\/uploads\/2024\/07\/20240622_114803-768x364.jpeg 768w, https:\/\/www.vagovernorsschool.com\/FrenchAcademy\/wp-content\/uploads\/2024\/07\/20240622_114803-1536x728.jpeg 1536w, https:\/\/www.vagovernorsschool.com\/FrenchAcademy\/wp-content\/uploads\/2024\/07\/20240622_114803-2048x971.jpeg 2048w\" sizes=\"auto, (max-width: 1024px) 100vw, 1024px\" \/><\/a><\/figure>\n\n\n\n<figure class=\"wp-block-image size-large\"><a href=\"https:\/\/www.vagovernorsschool.com\/FrenchAcademy\/wp-content\/uploads\/2024\/07\/IMG_1016-2-scaled.jpeg\"><img loading=\"lazy\" decoding=\"async\" width=\"1024\" height=\"553\" data-id=\"2553\" src=\"https:\/\/www.vagovernorsschool.com\/FrenchAcademy\/wp-content\/uploads\/2024\/07\/IMG_1016-2-1024x553.jpeg\" alt=\"\" class=\"wp-image-2553\" srcset=\"https:\/\/www.vagovernorsschool.com\/FrenchAcademy\/wp-content\/uploads\/2024\/07\/IMG_1016-2-1024x553.jpeg 1024w, https:\/\/www.vagovernorsschool.com\/FrenchAcademy\/wp-content\/uploads\/2024\/07\/IMG_1016-2-300x162.jpeg 300w, https:\/\/www.vagovernorsschool.com\/FrenchAcademy\/wp-content\/uploads\/2024\/07\/IMG_1016-2-768x415.jpeg 768w, https:\/\/www.vagovernorsschool.com\/FrenchAcademy\/wp-content\/uploads\/2024\/07\/IMG_1016-2-1536x830.jpeg 1536w, https:\/\/www.vagovernorsschool.com\/FrenchAcademy\/wp-content\/uploads\/2024\/07\/IMG_1016-2-2048x1107.jpeg 2048w\" sizes=\"auto, (max-width: 1024px) 100vw, 1024px\" \/><\/a><\/figure>\n<\/figure>\n\n\n\n<div class=\"wp-block-group has-background\" style=\"background-color:#ececec\"><div class=\"wp-block-group__inner-container is-layout-constrained wp-block-group-is-layout-constrained\">\n<p class=\"has-medium-font-size\">Salutations\u202f! Je m\u2019appelle Saanvi.&nbsp;<\/p>\n\n\n\n<p>Ce sont mes premi\u00e8res impressions sur l\u2019acad\u00e9mie fran\u00e7ais :&nbsp;&nbsp;<\/p>\n\n\n\n<p>Avant que je sois arriv\u00e9e, j\u2019\u00e9tais vraiment nerveuse parce que je n\u2019ai jamais habit\u00e9 quelque part sans ma famille ou avec quelqu\u2019un dans la m\u00eame chambre\u2014alors j\u2019ai eu quelques h\u00e9sitations.&nbsp; En plus, je n\u2019ai pas eu beaucoup de confiance dans ma capacit\u00e9 de communiquer en fran\u00e7ais\/dans mon niveau de parler en fran\u00e7ais.&nbsp;<\/p>\n\n\n\n<p>Cependant, apr\u00e8s je suis arriv\u00e9e, je me suis rendre compte qu\u2019il y a beaucoup des \u00e9tudiants comme moi, avec les m\u00eames questions. Pendant la premi\u00e8re journ\u00e9e, j\u2019ai parl\u00e9 avec quelques gens et trouv\u00e9 quelques int\u00e9r\u00eats en commun. Apr\u00e8s quelques activit\u00e9s amusants (comme le jeu du volley). J\u2019ai jet\u00e9 compl\u00e8tement ma peur dans la poubelle\u202f!&nbsp;<\/p>\n\n\n\n<p>Je pense que ce programme est vraiment la meilleure opportunit\u00e9 pour apprendre comme vivre seul et au sujet des cultures et exp\u00e9riences francophones. C\u2019est comme une extension amusante de la classe de fran\u00e7ais AP que j\u2019ai suivi dans mon lyc\u00e9e\u202f!&nbsp;<\/p>\n\n\n\n<p>Je crois que j\u2019aimerai bien continuer avec ce programme\u2014j\u2019en ai h\u00e2te\u202f!&nbsp;<\/p>\n\n\n\n<p class=\"has-medium-font-size\">Par Saanvi<\/p>\n<\/div><\/div>\n\n\n\n<figure class=\"wp-block-gallery has-nested-images columns-default is-cropped wp-block-gallery-3 is-layout-flex wp-block-gallery-is-layout-flex\">\n<figure class=\"wp-block-image size-full\"><a href=\"https:\/\/www.vagovernorsschool.com\/FrenchAcademy\/wp-content\/uploads\/2024\/07\/dejeuner0624-scaled.jpg\"><img loading=\"lazy\" decoding=\"async\" width=\"2560\" height=\"1707\" data-id=\"2561\" src=\"https:\/\/www.vagovernorsschool.com\/FrenchAcademy\/wp-content\/uploads\/2024\/07\/dejeuner0624-scaled.jpg\" alt=\"\" class=\"wp-image-2561\" srcset=\"https:\/\/www.vagovernorsschool.com\/FrenchAcademy\/wp-content\/uploads\/2024\/07\/dejeuner0624-scaled.jpg 2560w, https:\/\/www.vagovernorsschool.com\/FrenchAcademy\/wp-content\/uploads\/2024\/07\/dejeuner0624-300x200.jpg 300w\" sizes=\"auto, (max-width: 2560px) 100vw, 2560px\" \/><\/a><\/figure>\n\n\n\n<figure class=\"wp-block-image size-large\"><a href=\"https:\/\/www.vagovernorsschool.com\/FrenchAcademy\/wp-content\/uploads\/2024\/07\/28-Juin-Vishalini-Shadia-Amira-Alette-Karen-Evelyn-Sophia-et-Ginevra2-scaled.jpg\"><img loading=\"lazy\" decoding=\"async\" width=\"1024\" height=\"768\" data-id=\"2543\" src=\"https:\/\/www.vagovernorsschool.com\/FrenchAcademy\/wp-content\/uploads\/2024\/07\/28-Juin-Vishalini-Shadia-Amira-Alette-Karen-Evelyn-Sophia-et-Ginevra2-1024x768.jpg\" alt=\"Une d\u00e9tente \u00e0 l'Auberge\" class=\"wp-image-2543\" srcset=\"https:\/\/www.vagovernorsschool.com\/FrenchAcademy\/wp-content\/uploads\/2024\/07\/28-Juin-Vishalini-Shadia-Amira-Alette-Karen-Evelyn-Sophia-et-Ginevra2-1024x768.jpg 1024w, https:\/\/www.vagovernorsschool.com\/FrenchAcademy\/wp-content\/uploads\/2024\/07\/28-Juin-Vishalini-Shadia-Amira-Alette-Karen-Evelyn-Sophia-et-Ginevra2-300x225.jpg 300w, https:\/\/www.vagovernorsschool.com\/FrenchAcademy\/wp-content\/uploads\/2024\/07\/28-Juin-Vishalini-Shadia-Amira-Alette-Karen-Evelyn-Sophia-et-Ginevra2-768x576.jpg 768w, https:\/\/www.vagovernorsschool.com\/FrenchAcademy\/wp-content\/uploads\/2024\/07\/28-Juin-Vishalini-Shadia-Amira-Alette-Karen-Evelyn-Sophia-et-Ginevra2-1536x1152.jpg 1536w, https:\/\/www.vagovernorsschool.com\/FrenchAcademy\/wp-content\/uploads\/2024\/07\/28-Juin-Vishalini-Shadia-Amira-Alette-Karen-Evelyn-Sophia-et-Ginevra2-2048x1536.jpg 2048w\" sizes=\"auto, (max-width: 1024px) 100vw, 1024px\" \/><\/a><figcaption class=\"wp-element-caption\">Une d\u00e9tente \u00e0 l&#8217;Auberge<\/figcaption><\/figure>\n\n\n\n<figure class=\"wp-block-image size-large\"><a href=\"https:\/\/www.vagovernorsschool.com\/FrenchAcademy\/wp-content\/uploads\/2024\/07\/Promenade-a-gauche-o-a-droite-26-juin-.jpg\"><img decoding=\"async\" data-id=\"2540\" src=\"https:\/\/www.vagovernorsschool.com\/FrenchAcademy\/wp-content\/uploads\/2024\/07\/Promenade-a-gauche-o-a-droite-26-juin-.jpg\" alt=\"\" class=\"wp-image-2540\"\/><\/a><\/figure>\n\n\n\n<figure class=\"wp-block-image size-large\"><a href=\"https:\/\/www.vagovernorsschool.com\/FrenchAcademy\/wp-content\/uploads\/2024\/07\/IMG_1028-scaled.jpeg\"><img loading=\"lazy\" decoding=\"async\" width=\"2560\" height=\"1920\" data-id=\"2533\" src=\"https:\/\/www.vagovernorsschool.com\/FrenchAcademy\/wp-content\/uploads\/2024\/07\/IMG_1028-scaled.jpeg\" alt=\"\" class=\"wp-image-2533\" srcset=\"https:\/\/www.vagovernorsschool.com\/FrenchAcademy\/wp-content\/uploads\/2024\/07\/IMG_1028-scaled.jpeg 2560w, https:\/\/www.vagovernorsschool.com\/FrenchAcademy\/wp-content\/uploads\/2024\/07\/IMG_1028-300x225.jpeg 300w\" sizes=\"auto, (max-width: 2560px) 100vw, 2560px\" \/><\/a><\/figure>\n<\/figure>\n\n\n\n<div class=\"wp-block-group has-background\" style=\"background-color:#ececec\"><div class=\"wp-block-group__inner-container is-layout-constrained wp-block-group-is-layout-constrained\">\n<p class=\"has-medium-font-size\">Salut!&nbsp;<\/p>\n\n\n\n<p>Je m\u2019appelle Jeremiah, et je vous pr\u00e9sente mes premi\u00e8res impressions sur l\u2019Acad\u00e9mie Fran\u00e7aise.&nbsp;&nbsp;<\/p>\n\n\n\n<p>Quand je suis arriv\u00e9 le samedi dernier, le 22 juin, j\u2019ai eu la peur. J\u2019\u00e9tais s\u2019inqui\u00e9t\u00e9 que les acad\u00e9miciens seront trop extravertis et que je d\u00e9testerais l\u2019environnement. \u00c0 ma surprise, j\u2019ai mis ma peur dans la poubelle tr\u00e8s facile. Les autres acad\u00e9miciens sont tr\u00e8s gentilles, intelligentes, et sportives, et ma vie l\u2019acad\u00e9mie est tr\u00e8s amusant. J\u2019adore ma famille (et la langue d\u2019anglais), mais j\u2019avais h\u00e2te de parler fran\u00e7ais et habiter dans une l\u2019universit\u00e9. J\u2019ai trouv\u00e9 les activit\u00e9s, comme les matchs du foot et une vari\u00e9t\u00e9 des jeux dehors, \u00eatre int\u00e9ressantes. En plus, la nourriture est tr\u00e8s d\u00e9licieuse, sur un campus modern. J\u2019aime bien que l\u2019Independence et les activit\u00e9s commune sont \u00e9quilibr\u00e9. C\u2019est important d\u2019avoir les amis \u00e0 discuter, jouer, et sortir, mais nous pouvons rester chez nous pendant les temps libres.&nbsp;<\/p>\n\n\n\n<p>Malgr\u00e9 une exp\u00e9rience mieux que j\u2019ai pens\u00e9, j\u2019ai esp\u00e9r\u00e9 que nous avons les plus choses \u00e0 faire. Sans technologie, nous avons besoins de vivre \u00e0 l\u2019ensemble, avec beaucoup des jeux soci\u00e9t\u00e9s, les carters, des sports, et la t\u00e9l\u00e9 fran\u00e7ais (une fois). Si est-ce que nous pouvons choisir notre familles chaque repas, ce sera diff\u00e8rent quand on apprendre la langue. J\u2019adore les ateliers ici, et l\u2019acad\u00e9mie est tr\u00e8s organis\u00e9e (par contre, ma vie est compliqu\u00e9e). Cependant, je voudrais changer les ateliers quelque jours \u00e0 cr\u00e9er un nouveau l\u2019environnement quand je me r\u00e9veill\u00e9.&nbsp;<\/p>\n\n\n\n<p>Pourtant, je n\u2019avais jamais eu une exp\u00e9rience dans ma vie comme \u00e7a, et je suis heureux ils m\u2019ont choisi pour ce programme. C\u2019est un plaisir d\u2019\u00eatre l\u00e0, avec les professeurs et les \u00e9tudiantes g\u00e9niales, une vari\u00e9t\u00e9 des activit\u00e9s, les excursions (quelle vient plus tard en l\u2019\u00e9t\u00e9), la nourriture d\u00e9licieuse, et le plus importante, une opportunit\u00e9 \u00e0 avancer ma connaissance de la langue fran\u00e7aise.&nbsp;<\/p>\n\n\n\n<p class=\"has-medium-font-size\">Par Jeremiah<\/p>\n<\/div><\/div>\n\n\n\n<figure class=\"wp-block-gallery has-nested-images columns-default is-cropped wp-block-gallery-4 is-layout-flex wp-block-gallery-is-layout-flex\">\n<figure class=\"wp-block-image size-full\"><a href=\"https:\/\/www.vagovernorsschool.com\/FrenchAcademy\/wp-content\/uploads\/2024\/07\/IMG_1142-scaled.jpeg\"><img loading=\"lazy\" decoding=\"async\" width=\"2560\" height=\"1920\" data-id=\"2535\" src=\"https:\/\/www.vagovernorsschool.com\/FrenchAcademy\/wp-content\/uploads\/2024\/07\/IMG_1142-scaled.jpeg\" alt=\"\" class=\"wp-image-2535\" srcset=\"https:\/\/www.vagovernorsschool.com\/FrenchAcademy\/wp-content\/uploads\/2024\/07\/IMG_1142-scaled.jpeg 2560w, https:\/\/www.vagovernorsschool.com\/FrenchAcademy\/wp-content\/uploads\/2024\/07\/IMG_1142-300x225.jpeg 300w\" sizes=\"auto, (max-width: 2560px) 100vw, 2560px\" \/><\/a><\/figure>\n\n\n\n<figure class=\"wp-block-image size-large\"><a href=\"https:\/\/www.vagovernorsschool.com\/FrenchAcademy\/wp-content\/uploads\/2024\/07\/IMG_1073-scaled.jpeg\"><img loading=\"lazy\" decoding=\"async\" width=\"2560\" height=\"1920\" data-id=\"2538\" src=\"https:\/\/www.vagovernorsschool.com\/FrenchAcademy\/wp-content\/uploads\/2024\/07\/IMG_1073-scaled.jpeg\" alt=\"\" class=\"wp-image-2538\" srcset=\"https:\/\/www.vagovernorsschool.com\/FrenchAcademy\/wp-content\/uploads\/2024\/07\/IMG_1073-scaled.jpeg 2560w, https:\/\/www.vagovernorsschool.com\/FrenchAcademy\/wp-content\/uploads\/2024\/07\/IMG_1073-300x225.jpeg 300w\" sizes=\"auto, (max-width: 2560px) 100vw, 2560px\" \/><\/a><\/figure>\n\n\n\n<figure class=\"wp-block-image size-large\"><a href=\"https:\/\/www.vagovernorsschool.com\/FrenchAcademy\/wp-content\/uploads\/2024\/07\/IMG_1134-scaled.jpeg\"><img loading=\"lazy\" decoding=\"async\" width=\"2560\" height=\"1920\" data-id=\"2536\" src=\"https:\/\/www.vagovernorsschool.com\/FrenchAcademy\/wp-content\/uploads\/2024\/07\/IMG_1134-scaled.jpeg\" alt=\"\" class=\"wp-image-2536\" srcset=\"https:\/\/www.vagovernorsschool.com\/FrenchAcademy\/wp-content\/uploads\/2024\/07\/IMG_1134-scaled.jpeg 2560w, https:\/\/www.vagovernorsschool.com\/FrenchAcademy\/wp-content\/uploads\/2024\/07\/IMG_1134-300x225.jpeg 300w\" sizes=\"auto, (max-width: 2560px) 100vw, 2560px\" \/><\/a><\/figure>\n\n\n\n<figure class=\"wp-block-image size-full\"><a href=\"https:\/\/www.vagovernorsschool.com\/FrenchAcademy\/wp-content\/uploads\/2024\/07\/Le-Foot-24-juin-scaled.jpg\"><img loading=\"lazy\" decoding=\"async\" width=\"2560\" height=\"1707\" data-id=\"2560\" src=\"https:\/\/www.vagovernorsschool.com\/FrenchAcademy\/wp-content\/uploads\/2024\/07\/Le-Foot-24-juin-scaled.jpg\" alt=\"\" class=\"wp-image-2560\" srcset=\"https:\/\/www.vagovernorsschool.com\/FrenchAcademy\/wp-content\/uploads\/2024\/07\/Le-Foot-24-juin-scaled.jpg 2560w, https:\/\/www.vagovernorsschool.com\/FrenchAcademy\/wp-content\/uploads\/2024\/07\/Le-Foot-24-juin-300x200.jpg 300w\" sizes=\"auto, (max-width: 2560px) 100vw, 2560px\" \/><\/a><\/figure>\n<\/figure>\n\n\n\n<div class=\"wp-block-group has-background\" style=\"background-color:#ececec\"><div class=\"wp-block-group__inner-container is-layout-constrained wp-block-group-is-layout-constrained\">\n<p class=\"has-medium-font-size\">Bonjour !&nbsp;&nbsp;<\/p>\n\n\n\n<p>Je vous pr\u00e9sente mes premi\u00e8res impressions \u00e0 l\u2019acad\u00e9mie fran\u00e7ais. Bien s\u00fbr, j\u2019avais initialement beaucoup peur\u202f; \u00e0 la c\u00e9r\u00e9monie d\u2019ouverture, la directrice et les profs ont parl\u00e9 beaucoup d\u2019information, et bient\u00f4t apr\u00e8s, elle a fini et ma m\u00e8re est partie. Si elle ne me manque pas d\u00e9j\u00e0, elle va certainement dans quelques jours plus. Et je sais que je lui manquerai, parce que je n\u2019ai d\u00e9j\u00e0 jamais passe plus d\u2019une semaine sans elle. Cependant, j\u2019ai beaucoup de choses \u00e0 dire \u00e0 l\u2019acad\u00e9mie en suivant ma premi\u00e8re journ\u00e9e.&nbsp;<\/p>\n\n\n\n<p>&nbsp;Imm\u00e9diatement, j\u2019ai remarqu\u00e9 que tout le monde a \u00e9t\u00e9 aussi anxieux que moi. Personne ne disait, y compris moi, bien qu\u2019il y ait eu tellement d\u2019\u00e9l\u00e8ves. La directrice et les profs nous ont assur\u00e9s qu\u2019apr\u00e8s trois semaines, l\u2019humeur serait vraiment diff\u00e9rente. Sur la seconde journ\u00e9e, je comprends d\u00e9j\u00e0 cela\u202f; dans l\u2019auberge, les \u00e9l\u00e8ves jouent et rient, et ils disent toujours \u00ab\u202fBonjour,\u202f\u00bb \u00ab\u202fSalut,\u202f\u00bb et \u00ab\u202f\u00c7a va\u202f?\u202f\u00bb quand ils se voient. Bien que je sois extr\u00eamement introverti et mauvais avec les gens, je suis un peu \u00e0 l\u2019aise quand je vois les autres aux couloirs. Malheureusement, je ne pense pas \u00e0 faire des amis proches apr\u00e8s ces trois semaines \u00e0 cause de ma personnalit\u00e9, mais je vois que la plupart des \u00e9l\u00e8ves s\u2019entendent assez bien. M\u00eame si je ne quitte pas l\u2019acad\u00e9mie avec des nouveaux amis, mon attente est de devenir plus \u00e0 l\u2019aise et d\u2019avoir moins peur de socialiser, puisque je me sens comme on doit \u00eatre sociable pour m\u00eame participer\u202f; \u00e7a me rend un peu anxieux de temps en temps, mais j\u2019esp\u00e8re que \u00e7a change.&nbsp;&nbsp;<\/p>\n\n\n\n<p>Aussi, la nourriture est g\u00e9niale\u202f; car il y a deux autres acad\u00e9mies avec nous, le genre de cuisine change chaque trois journ\u00e9es. Pour les premi\u00e8res trois journ\u00e9es, il ira la nourriture fran\u00e7aise (des pays francophones diff\u00e9rents), puis l\u2019espagnol pour trois journ\u00e9es, et puis l\u2019allemand pour trois journ\u00e9es. N\u2019importe quoi je mange, il est d\u00e9licieux, et je suis ravi d\u2019essayer plus de plats divers tous les jours. C\u2019est une exp\u00e9rience vraiment sp\u00e9ciale, m\u00eame si j\u2019ai encore peur, et m\u00eame s\u2019il y a des moments o\u00f9 je ne veux pas participer \u00e0 cause de mon introversion. D\u00e9j\u00e0, je pense que je ne vais pas oublier mon exp\u00e9rience.&nbsp;<\/p>\n\n\n\n<p class=\"has-medium-font-size\">Par Ayar<\/p>\n<\/div><\/div>\n\n\n\n<figure class=\"wp-block-gallery has-nested-images columns-default is-cropped wp-block-gallery-5 is-layout-flex wp-block-gallery-is-layout-flex\">\n<figure class=\"wp-block-image size-large\"><a href=\"https:\/\/www.vagovernorsschool.com\/FrenchAcademy\/wp-content\/uploads\/2024\/07\/20240622_112854-scaled.jpeg\"><img loading=\"lazy\" decoding=\"async\" width=\"485\" height=\"1024\" data-id=\"2570\" src=\"https:\/\/www.vagovernorsschool.com\/FrenchAcademy\/wp-content\/uploads\/2024\/07\/20240622_112854-485x1024.jpeg\" alt=\"\" class=\"wp-image-2570\" srcset=\"https:\/\/www.vagovernorsschool.com\/FrenchAcademy\/wp-content\/uploads\/2024\/07\/20240622_112854-485x1024.jpeg 485w, https:\/\/www.vagovernorsschool.com\/FrenchAcademy\/wp-content\/uploads\/2024\/07\/20240622_112854-142x300.jpeg 142w, https:\/\/www.vagovernorsschool.com\/FrenchAcademy\/wp-content\/uploads\/2024\/07\/20240622_112854-768x1623.jpeg 768w, https:\/\/www.vagovernorsschool.com\/FrenchAcademy\/wp-content\/uploads\/2024\/07\/20240622_112854-727x1536.jpeg 727w, https:\/\/www.vagovernorsschool.com\/FrenchAcademy\/wp-content\/uploads\/2024\/07\/20240622_112854-969x2048.jpeg 969w, https:\/\/www.vagovernorsschool.com\/FrenchAcademy\/wp-content\/uploads\/2024\/07\/20240622_112854-scaled.jpeg 1211w\" sizes=\"auto, (max-width: 485px) 100vw, 485px\" \/><\/a><\/figure>\n\n\n\n<figure class=\"wp-block-image size-large\"><a href=\"https:\/\/www.vagovernorsschool.com\/FrenchAcademy\/wp-content\/uploads\/2024\/07\/IMG-20240622-WA0024.jpeg\"><img loading=\"lazy\" decoding=\"async\" width=\"1024\" height=\"768\" data-id=\"2571\" src=\"https:\/\/www.vagovernorsschool.com\/FrenchAcademy\/wp-content\/uploads\/2024\/07\/IMG-20240622-WA0024-1024x768.jpeg\" alt=\"\" class=\"wp-image-2571\" srcset=\"https:\/\/www.vagovernorsschool.com\/FrenchAcademy\/wp-content\/uploads\/2024\/07\/IMG-20240622-WA0024-1024x768.jpeg 1024w, https:\/\/www.vagovernorsschool.com\/FrenchAcademy\/wp-content\/uploads\/2024\/07\/IMG-20240622-WA0024-300x225.jpeg 300w, https:\/\/www.vagovernorsschool.com\/FrenchAcademy\/wp-content\/uploads\/2024\/07\/IMG-20240622-WA0024-768x576.jpeg 768w, https:\/\/www.vagovernorsschool.com\/FrenchAcademy\/wp-content\/uploads\/2024\/07\/IMG-20240622-WA0024-1536x1152.jpeg 1536w, https:\/\/www.vagovernorsschool.com\/FrenchAcademy\/wp-content\/uploads\/2024\/07\/IMG-20240622-WA0024.jpeg 1600w\" sizes=\"auto, (max-width: 1024px) 100vw, 1024px\" \/><\/a><\/figure>\n<\/figure>\n\n\n\n<div class=\"wp-block-group has-background\" style=\"background-color:#ececec\"><div class=\"wp-block-group__inner-container is-layout-constrained wp-block-group-is-layout-constrained\">\n<p class=\"has-medium-font-size\">Bonjour ! <\/p>\n\n\n\n<p>Je m\u2019appelle Shreesh et je vais d\u00e9crire mes premi\u00e8res impressions \u00e0 l\u2019acad\u00e9mie fran\u00e7ais. Mon premier jour \u00e0 l\u2019acad\u00e9mie \u00e9tait difficile. Sp\u00e9cifiquement, je n\u2019avais aucune id\u00e9e des noms des personnes et j\u2019avais peur aussi. La raison par laquelle j\u2019avais peur est parce que je savais que je vais \u00eatre s\u00e9par\u00e9 de mes parents et tr\u00e8s loin de la maison. Apres un peu de temps, j\u2019ai rencontr\u00e9 les diff\u00e9rentes personnes dans l\u2019acad\u00e9mie. Dans un jour, je connais maintenant beaucoup plus de personnes et je me suis senti beaucoup plus content et enthousiaste pour les jours d\u2019acad\u00e9mie en futur. L\u2019accueil de l\u2019acad\u00e9mie fran\u00e7ais \u00e9tait une exp\u00e9rience un peu \u00e9peurant aussi. J\u2019\u00e9tais tellement nerveux car je ne savais pas si j\u2019aimerais l\u2019acad\u00e9mie. Je n\u2019\u00e9tais pas certaine que l\u2019exp\u00e9rience soit bonne ou mauvaise. Dans un jour, j\u2019ai d\u00e9j\u00e0 observ\u00e9 nombreux choses qui sont bien. Par exemple, j\u2019aime l\u2019auberge dans l\u2019acad\u00e9mie et qu\u2019on peut socialiser et parler en fran\u00e7ais avec beaucoup des gens. Ces types d\u2019opportunit\u00e9s sont excellentes pour am\u00e9liorer nos habilit\u00e9s de parler en fran\u00e7ais. De plus, l\u2019acad\u00e9mie fran\u00e7aise est un temps excellent d\u2019\u00eatre s\u00e9par\u00e9 de la technologie et passer plus de temps en parler et participer dans les diff\u00e9rentes activit\u00e9s en fran\u00e7ais. Mes attentes pour l\u2019acad\u00e9mie fran\u00e7aise sont positives. Je pense que je vais aimer l\u2019acad\u00e9mie et avoir un bon temps avec les amis. Aussi, je suis positif que je vais m\u2019amuser dans les nombreux diff\u00e9rents activit\u00e9s et \u00e9v\u00e8nements qui va se passer dans ces trois semaines tr\u00e8s sp\u00e9ciales.&nbsp;<\/p>\n\n\n\n<p class=\"has-medium-font-size\">Par Shreesh<\/p>\n<\/div><\/div>\n\n\n\n<figure class=\"wp-block-gallery has-nested-images columns-default is-cropped wp-block-gallery-6 is-layout-flex wp-block-gallery-is-layout-flex\">\n<figure class=\"wp-block-image size-large\"><a href=\"https:\/\/www.vagovernorsschool.com\/FrenchAcademy\/wp-content\/uploads\/2024\/07\/IMG_1038-scaled.jpeg\"><img loading=\"lazy\" decoding=\"async\" width=\"2560\" height=\"1920\" data-id=\"2537\" src=\"https:\/\/www.vagovernorsschool.com\/FrenchAcademy\/wp-content\/uploads\/2024\/07\/IMG_1038-scaled.jpeg\" alt=\"\" class=\"wp-image-2537\" srcset=\"https:\/\/www.vagovernorsschool.com\/FrenchAcademy\/wp-content\/uploads\/2024\/07\/IMG_1038-scaled.jpeg 2560w, https:\/\/www.vagovernorsschool.com\/FrenchAcademy\/wp-content\/uploads\/2024\/07\/IMG_1038-300x225.jpeg 300w\" sizes=\"auto, (max-width: 2560px) 100vw, 2560px\" \/><\/a><\/figure>\n<\/figure>\n\n\n\n<div class=\"wp-block-group has-background\" style=\"background-color:#ececec\"><div class=\"wp-block-group__inner-container is-layout-constrained wp-block-group-is-layout-constrained\">\n<p class=\"has-medium-font-size\">Bonjour!&nbsp;<\/p>\n\n\n\n<p>Je vous pr\u00e9sente mes premi\u00e8res impressions \u00e0 l\u2019Acad\u00e9mie fran\u00e7aise. Premier de tout, je voudrais dire que j\u2019\u00e9tais tr\u00e8s nerveuse aux heures juste avant arriver \u00e0 l\u2019Acad\u00e9mie fran\u00e7aise. Mais quand je suis arriv\u00e9e, j\u2019\u00e9tais heureuse \u00e0 voir si heureuse et doux tout le monde \u00e9tait, des profs aux \u00e9tudiants.&nbsp;<\/p>\n\n\n\n<p>J\u2019\u00e9tais triste \u00e0 avoir mes parents et mon fr\u00e8re laisser, mais j\u2019\u00e9tais trop occup\u00e9e pendant la premi\u00e8re journ\u00e9e \u00e0 \u00eatre trop triste tous les temps. Je suis heureuse que je peux leur \u00e9crire et leur informer de tous les choses incroyables que je fais ici \u00e0 l\u2019Acad\u00e9mie fran\u00e7aise.&nbsp;<\/p>\n\n\n\n<p>D\u00e9j\u00e0, j\u2019ai fait connaissance des personnes merveilleux et dr\u00f4les qui j\u2019adore parler avec. C\u2019est fantastique \u00e0 savoir qu\u2019il y a des personnes qui adore aussi la langue fran\u00e7aise et vraiment vouloir \u00e0 apprendre le plus d\u2019information qu\u2019ils peuvent.&nbsp;&nbsp;<\/p>\n\n\n\n<p>Il y a un vrai air d\u2019amiti\u00e9 dans les couloirs de l\u2019auberge et chaque \u00ab\u202fsalut\u202f!\u202f\u00bb ou \u00ab\u202fbonjour\u202f!\u202f\u00bb est \u00e9change, tout le temps. C\u2019est juste un exemple de l\u2019accueil que nous recevons ici- la premi\u00e8re journ\u00e9e, mais aujourd\u2019hui aussi (le quatri\u00e8me jour \u00e0 l\u2019Acad\u00e9mie). Jusqu\u2019\u00e0 ici, j\u2019ai remarqu\u00e9 deux grandes choses\u202f: un, je vais adorer mes temps \u00e0 l\u2019Acad\u00e9mie. Deux, je vais \u00eatre vraiment fatigu\u00e9e \u00e0 la fin de chaque jour\u202f!\u00a0<\/p>\n\n\n\n<p>J\u2019adorerai chaque et toutes les secondes \u00e0 l\u2019Acad\u00e9mie, et la raison pourquoi est tr\u00e8s simple\u202f: c\u2019est \u00e0 cause des acad\u00e9miciens et des profs\u202f! J\u2019adore d\u00e9j\u00e0 passer du temps avec tout le monde, et je sais que mes autres acad\u00e9miciens sentent la m\u00eame des tous les nouveaux amis que nous faisons tous.\u00a0\u00a0<\/p>\n\n\n\n<p>Il y a beaucoup des activit\u00e9s ici, des jeux apr\u00e8s-d\u00eener a les ateliers cr\u00e9atifs comme cet atelier, le blog. Ils sont amusants, mais ces activit\u00e9s utilisent beaucoup de l\u2019\u00e9nergie ! (C\u2019est aussi parce que tous les choses sont en fran\u00e7ais et \u00e7a aussi utilise de l\u2019\u00e9nergie \u00e0 comprendre.)&nbsp;<\/p>\n\n\n\n<p>Cependant, je pense que c\u2019est un \u00e9change vraiment agr\u00e9able. Mes attentes pour cette programme sont apprendre comment parler fran\u00e7ais en passant (plus comme une conversation quotidienne d\u2019une conversation d\u2019une texte de fran\u00e7ais\u202f!) et faire des amiti\u00e9s durables. J\u2019aussi voudrais essayer \u00e0 traduire mes chansons pr\u00e9f\u00e9r\u00e9es de Taylor Swift au fran\u00e7ais, avec ma famille qu\u00e9b\u00e9coise\u202f!&nbsp;&nbsp;<\/p>\n\n\n\n<p class=\"has-medium-font-size\">Par Delaney<\/p>\n<\/div><\/div>\n\n\n\n<figure class=\"wp-block-gallery has-nested-images columns-default is-cropped wp-block-gallery-7 is-layout-flex wp-block-gallery-is-layout-flex\">\n<figure class=\"wp-block-image size-large\"><a href=\"https:\/\/www.vagovernorsschool.com\/FrenchAcademy\/wp-content\/uploads\/2024\/07\/20240622_114140-scaled.jpeg\"><img loading=\"lazy\" decoding=\"async\" width=\"1024\" height=\"485\" data-id=\"2573\" src=\"https:\/\/www.vagovernorsschool.com\/FrenchAcademy\/wp-content\/uploads\/2024\/07\/20240622_114140-1024x485.jpeg\" alt=\"\" class=\"wp-image-2573\" srcset=\"https:\/\/www.vagovernorsschool.com\/FrenchAcademy\/wp-content\/uploads\/2024\/07\/20240622_114140-1024x485.jpeg 1024w, https:\/\/www.vagovernorsschool.com\/FrenchAcademy\/wp-content\/uploads\/2024\/07\/20240622_114140-300x142.jpeg 300w, https:\/\/www.vagovernorsschool.com\/FrenchAcademy\/wp-content\/uploads\/2024\/07\/20240622_114140-768x363.jpeg 768w, https:\/\/www.vagovernorsschool.com\/FrenchAcademy\/wp-content\/uploads\/2024\/07\/20240622_114140-1536x727.jpeg 1536w, https:\/\/www.vagovernorsschool.com\/FrenchAcademy\/wp-content\/uploads\/2024\/07\/20240622_114140-2048x969.jpeg 2048w\" sizes=\"auto, (max-width: 1024px) 100vw, 1024px\" \/><\/a><\/figure>\n<\/figure>\n\n\n\n<div class=\"wp-block-group has-background\" style=\"background-color:#ececec\"><div class=\"wp-block-group__inner-container is-layout-constrained wp-block-group-is-layout-constrained\">\n<p class=\"has-medium-font-size\">Bonjour tout le monde !&nbsp;<\/p>\n\n\n\n<p>On est arriv\u00e9s \u00e0 l\u2019acad\u00e9mie il y a deux jours. Avant que j\u2019aie int\u00e9gr\u00e9 dans ma chambre, jetais nerveuse que les profs seraient tr\u00e8s rigides ou strictes avec le fran\u00e7ais et si j\u2019ai fait des fautes. Et j\u2019ai attendu que tout le monde seraient vraiment s\u00e9rieux\u202f; cependant, apr\u00e8s la premi\u00e8re rencontre avec\u202fles parents et les autres \u00e9l\u00e8ves, j\u2019\u00e9tais tr\u00e8s bien surprise par toute la joie et soin qu\u2019ils avaient pour nous et aussi pour la langue et culture.&nbsp;<\/p>\n\n\n\n<p>En plus du autrement, ce comportement m\u2019a inspir\u00e9 de n\u2019\u00eatre pas stress\u00e9e. Alors, a\u202fl\u2019\u00e9gard l\u2019accueil. Je\u202fle trouve d\u2019\u00eatre tr\u00e8s sympa mais je souhaite que j\u2019eusse une partenaire dans ma chambre\u202f; mais j\u2019adore comment toutes les filles a chaque \u00e9tage se bavardent et n\u2019ont pas peur de faire les nouvelles choses ensemble (comme jouer le volley-ball). Je me suis bien amus\u00e9e jouer les jeux de cartes comme \u00ab\u202fUno\u202f\u00bb et \u00ab\u202fLa Vache\u202f\u00bb avant ou apr\u00e8s les activit\u00e9s avec\u202fles autres filles.&nbsp;&nbsp;<\/p>\n\n\n\n<p>Ma plus grande peur \u00e9tait de n ; avoir pas mon t\u00e9l\u00e9phone. Maintenant, je me sens bien mais je me trouve en le cherchant par accident si je m\u2019ennuie.\u00a0<\/p>\n\n\n\n<p>Pendant les repas, c\u2019est marrant de voir tout de voir tout le monde essayent de bavarder avec la barri\u00e8re de langue. Mais avec indiff\u00e9rence, chaque table s\u2019amuse et on peut entendre des conversations de toutes les choses. Par exemple, aujourd\u2019hui sur ma table il y avait un petit d\u00e9bat entre le chocolat et la vanille, et hier c\u2019\u00e9tait \u00ab\u202fc\u2019est quoi les couleurs des cours\u202f?\u202f\u00bb J\u2019esp\u00e8re que quand je rentre chez-moi, mon p\u00e8re aura appris un peu de fran\u00e7ais pour qu\u2019on puisse avoir des conversations similaires\u202f!\u00a0<\/p>\n\n\n\n<p>Ensuite, j\u2019ai h\u00e2te d\u2019experiencer les cours. Un but de moi est que je commencerai de r\u00eaver en fran\u00e7ais, et je crois que si je prends les cours en la langue qui ne sont pas juste de\u202fla langue mais la culture, l\u2019histoire etc. ce but est possible\u202f!&nbsp;<\/p>\n\n\n\n<p>&nbsp;Alors, un autre but de moi est de ne pas penser trop dur avant je parle. Je le veux devenir plus naturel, est si je me force de penser en fran\u00e7ais \u00e7a va arriver aussi\u202f!&nbsp;<\/p>\n\n\n\n<p>Au revoir et bisous\u202f!!&nbsp;<\/p>\n\n\n\n<p class=\"has-medium-font-size\">Par Emerson<\/p>\n<\/div><\/div>\n\n\n\n<figure class=\"wp-block-image size-large is-resized\"><a href=\"https:\/\/www.vagovernorsschool.com\/FrenchAcademy\/wp-content\/uploads\/2024\/07\/IMG-20240701-WA0019.jpeg\"><img loading=\"lazy\" decoding=\"async\" width=\"768\" height=\"1024\" src=\"https:\/\/www.vagovernorsschool.com\/FrenchAcademy\/wp-content\/uploads\/2024\/07\/IMG-20240701-WA0019-768x1024.jpeg\" alt=\"\" class=\"wp-image-2575\" style=\"width:840px;height:auto\" srcset=\"https:\/\/www.vagovernorsschool.com\/FrenchAcademy\/wp-content\/uploads\/2024\/07\/IMG-20240701-WA0019-768x1024.jpeg 768w, https:\/\/www.vagovernorsschool.com\/FrenchAcademy\/wp-content\/uploads\/2024\/07\/IMG-20240701-WA0019-225x300.jpeg 225w, https:\/\/www.vagovernorsschool.com\/FrenchAcademy\/wp-content\/uploads\/2024\/07\/IMG-20240701-WA0019-1152x1536.jpeg 1152w, https:\/\/www.vagovernorsschool.com\/FrenchAcademy\/wp-content\/uploads\/2024\/07\/IMG-20240701-WA0019.jpeg 1536w\" sizes=\"auto, (max-width: 768px) 100vw, 768px\" \/><\/a><\/figure>\n\n\n\n<p>&#8230; et bien s\u00fbr du fromage!<\/p>\n","protected":false},"excerpt":{"rendered":"<p>Bonjour ch\u00e8res familles,&nbsp;&nbsp; Voici mes premi\u00e8res impressions de l\u2019Acad\u00e9mie\u202f: Quand je suis arriv\u00e9e avec ma m\u00e8re, j\u2019ai remarqu\u00e9 la taille &hellip; <\/p>\n","protected":false},"author":4,"featured_media":0,"comment_status":"closed","ping_status":"open","sticky":false,"template":"","format":"standard","meta":{"footnotes":""},"categories":[1],"tags":[],"class_list":["post-2512","post","type-post","status-publish","format-standard","hentry","category-uncategorized","latest_post"],"_links":{"self":[{"href":"https:\/\/www.vagovernorsschool.com\/FrenchAcademy\/wp-json\/wp\/v2\/posts\/2512","targetHints":{"allow":["GET"]}}],"collection":[{"href":"https:\/\/www.vagovernorsschool.com\/FrenchAcademy\/wp-json\/wp\/v2\/posts"}],"about":[{"href":"https:\/\/www.vagovernorsschool.com\/FrenchAcademy\/wp-json\/wp\/v2\/types\/post"}],"author":[{"embeddable":true,"href":"https:\/\/www.vagovernorsschool.com\/FrenchAcademy\/wp-json\/wp\/v2\/users\/4"}],"replies":[{"embeddable":true,"href":"https:\/\/www.vagovernorsschool.com\/FrenchAcademy\/wp-json\/wp\/v2\/comments?post=2512"}],"version-history":[{"count":14,"href":"https:\/\/www.vagovernorsschool.com\/FrenchAcademy\/wp-json\/wp\/v2\/posts\/2512\/revisions"}],"predecessor-version":[{"id":2626,"href":"https:\/\/www.vagovernorsschool.com\/FrenchAcademy\/wp-json\/wp\/v2\/posts\/2512\/revisions\/2626"}],"wp:attachment":[{"href":"https:\/\/www.vagovernorsschool.com\/FrenchAcademy\/wp-json\/wp\/v2\/media?parent=2512"}],"wp:term":[{"taxonomy":"category","embeddable":true,"href":"https:\/\/www.vagovernorsschool.com\/FrenchAcademy\/wp-json\/wp\/v2\/categories?post=2512"},{"taxonomy":"post_tag","embeddable":true,"href":"https:\/\/www.vagovernorsschool.com\/FrenchAcademy\/wp-json\/wp\/v2\/tags?post=2512"}],"curies":[{"name":"wp","href":"https:\/\/api.w.org\/{rel}","templated":true}]}}