{"id":2192,"date":"2023-07-05T14:19:01","date_gmt":"2023-07-05T18:19:01","guid":{"rendered":"https:\/\/www.vagovernorsschool.com\/FrenchAcademy\/?p=2192"},"modified":"2024-07-06T10:00:23","modified_gmt":"2024-07-06T14:00:23","slug":"louverture-au-monde-au-cours-de-lacademie","status":"publish","type":"post","link":"https:\/\/www.vagovernorsschool.com\/FrenchAcademy\/louverture-au-monde-au-cours-de-lacademie\/","title":{"rendered":"Croissance intellectuelle ainsi que linguistique"},"content":{"rendered":"<div class=\"wp-block-image\">\n<figure class=\"aligncenter size-full is-resized\"><a href=\"https:\/\/www.vagovernorsschool.com\/FrenchAcademy\/wp-content\/uploads\/2023\/07\/21Juin_pleut.jpg\"><img decoding=\"async\" src=\"https:\/\/www.vagovernorsschool.com\/FrenchAcademy\/wp-content\/uploads\/2023\/07\/21Juin_pleut.jpg\" alt=\"intellectuel\" class=\"wp-image-2241\" style=\"aspect-ratio:1.4988399071925753;width:758px;height:auto\"\/><\/a><\/figure>\n<\/div>\n\n\n<p><strong>D\u00e9veloppement personnel <\/strong><\/p>\n\n\n\n<p>Ma famille est extr\u00eamement importante pour moi et quand nous nous sommes s\u00e9par\u00e9s de nos familles, j\u2019\u00e9tais tr\u00e8s anxieuse. La derni\u00e8re nuit avant le premier jour de l\u2019acad\u00e9mie, je pensais que l\u2019acad\u00e9mie serait tr\u00e8s amusante et captivante et que je serais tr\u00e8s heureuse mais quand ma famille est partie, je me suis sentie seule et nerveuse parce que mon Fran\u00e7ais n\u2019\u00e9tait pas parfait, et j\u2019avais&nbsp;peur que je ne puisse pas faire d\u2019amies. Je n\u2019ai jamais habit\u00e9 tr\u00e8s loin de ma famille pour trois semaines ou m\u00eame pour une semaine donc cette exp\u00e9rience est nouvelle pour moi et aussi pour ma famille.&nbsp;&nbsp;<\/p>\n\n\n\n<p>Pendant la premi\u00e8re semaine de l\u2019acad\u00e9mie, c\u2019\u00e9tait difficile de dormir mais apr\u00e8s quelques jours, c\u2019\u00e9tait mieux parce que j\u2019\u00e9tais un peu plus confortable et ma colocataire est tr\u00e8s sympa.&nbsp; Il y a beaucoup d\u2019activit\u00e9s ici qui sont avantageuses et amusantes en m\u00eame temps et j\u2019ai fait quelques amis donc mon exp\u00e9rience est meilleure que les premiers jours de l\u2019acad\u00e9mie.&nbsp;&nbsp;<\/p>\n\n\n\n<p>Personnellement, je crois que l\u2019acad\u00e9mie a particip\u00e9 \u00e0 mon d\u00e9veloppement personnel en me donnant l\u2019occasion de devenir plus ind\u00e9pendante et active. Par exemple, l\u2019acad\u00e9mie m\u2019a donn\u00e9 tellement d\u2019information acad\u00e9mique mais aussi personnelle parce que j\u2019ai appris et am\u00e9lior\u00e9 mon fran\u00e7ais au m\u00eame moment que je faisais des amies et participais dans les activit\u00e9s sociales. Je suis all\u00e9e \u00e0 la salle de gym, le lac, le mus\u00e9e et la ville proche de l\u2019universit\u00e9, et j\u2019ai pass\u00e9 du temps avec mes amies ou parfois seul \u00e0 la salle de gym ou \u00e0 l\u2019auberge. J&#8217;ai aim\u00e9 jouer au volleyball avec les autres acad\u00e9miciens pendant le temps libre, et j\u2019ai appr\u00e9ci\u00e9 l&#8217;acc\u00e8s aux ressources donc je ne dois pas \u00eatre d\u00e9pendante de mes parents pendant mon s\u00e9jour \u00e0 l\u2019acad\u00e9mie fran\u00e7aise.&nbsp;&nbsp;<\/p>\n\n\n\n<p>En outre, je crois que je suis une personne timide et introvertie mais ma famille ici, sp\u00e9cialement les acad\u00e9miciens dans la famille fran\u00e7aise, sont mes meilleures amies. Ils sont tr\u00e8s dr\u00f4les et sympas donc je les aime et je peux \u00eatre confortable et parfois tr\u00e8s extravertie avec eux. Encore, \u00eatre ici est la raison pour laquelle j\u2019ai pu am\u00e9liorer ma d\u00e9pendance sur mes parents et mes amies de chez moi. Un autre exemple est chaque matin je dois me r\u00e9veiller \u00e0 7h00 et faire toutes les choses comme l\u2019organisation, le lavage, nettoyer, et manger sainement parce que mes parents voudraient que je mange les l\u00e9gumes, les fruits, et rester en bonne sant\u00e9 pour les trois semaines. Maintenant, je dois faire toutes les responsabilit\u00e9s que mes parents faisaient pour moi avant l\u2019acad\u00e9mie.&nbsp;&nbsp;<\/p>\n\n\n\n<p>Pour l\u2019avenir, l\u2019acad\u00e9mie m\u2019a donn\u00e9 une exp\u00e9rience enrichissante et maintenant je suis pr\u00eate pour l\u2019universit\u00e9 parce que cette exp\u00e9rience est tr\u00e8s similaire \u00e0 une \u00e9tudiante \u00e0 l&#8217;universit\u00e9. J\u2019esp\u00e8re que mon exp\u00e9rience \u00e0 l\u2019universit\u00e9 en automne l\u2019ann\u00e9e prochaine sera meilleure parce que je pourrais t\u00e9l\u00e9phoner \u00e0 mes parents au lieu d\u2019envoyer seulement les lettres, et je pourrais visiter ma famille quand je voudrais.&nbsp;&nbsp;<\/p>\n\n\n\n<p>\u2026 Par Nilufer&nbsp;<\/p>\n\n\n\n<figure class=\"wp-block-gallery has-nested-images columns-default is-cropped wp-block-gallery-1 is-layout-flex wp-block-gallery-is-layout-flex\">\n<figure class=\"wp-block-image size-large\"><a href=\"https:\/\/www.vagovernorsschool.com\/FrenchAcademy\/wp-content\/uploads\/2023\/07\/amies-scaled.jpeg\"><img loading=\"lazy\" decoding=\"async\" width=\"1024\" height=\"484\" data-id=\"2219\" src=\"https:\/\/www.vagovernorsschool.com\/FrenchAcademy\/wp-content\/uploads\/2023\/07\/amies-1024x484.jpeg\" alt=\"\" class=\"wp-image-2219\" srcset=\"https:\/\/www.vagovernorsschool.com\/FrenchAcademy\/wp-content\/uploads\/2023\/07\/amies-1024x484.jpeg 1024w, https:\/\/www.vagovernorsschool.com\/FrenchAcademy\/wp-content\/uploads\/2023\/07\/amies-300x142.jpeg 300w, https:\/\/www.vagovernorsschool.com\/FrenchAcademy\/wp-content\/uploads\/2023\/07\/amies-768x363.jpeg 768w, https:\/\/www.vagovernorsschool.com\/FrenchAcademy\/wp-content\/uploads\/2023\/07\/amies-1536x726.jpeg 1536w, https:\/\/www.vagovernorsschool.com\/FrenchAcademy\/wp-content\/uploads\/2023\/07\/amies-2048x969.jpeg 2048w\" sizes=\"auto, (max-width: 1024px) 100vw, 1024px\" \/><\/a><\/figure>\n\n\n\n<figure class=\"wp-block-image size-large\"><a href=\"https:\/\/www.vagovernorsschool.com\/FrenchAcademy\/wp-content\/uploads\/2023\/07\/groupe-scaled.jpeg\"><img loading=\"lazy\" decoding=\"async\" width=\"1024\" height=\"484\" data-id=\"2217\" src=\"https:\/\/www.vagovernorsschool.com\/FrenchAcademy\/wp-content\/uploads\/2023\/07\/groupe-1024x484.jpeg\" alt=\"\" class=\"wp-image-2217\" srcset=\"https:\/\/www.vagovernorsschool.com\/FrenchAcademy\/wp-content\/uploads\/2023\/07\/groupe-1024x484.jpeg 1024w, https:\/\/www.vagovernorsschool.com\/FrenchAcademy\/wp-content\/uploads\/2023\/07\/groupe-300x142.jpeg 300w, https:\/\/www.vagovernorsschool.com\/FrenchAcademy\/wp-content\/uploads\/2023\/07\/groupe-768x363.jpeg 768w, https:\/\/www.vagovernorsschool.com\/FrenchAcademy\/wp-content\/uploads\/2023\/07\/groupe-1536x726.jpeg 1536w, https:\/\/www.vagovernorsschool.com\/FrenchAcademy\/wp-content\/uploads\/2023\/07\/groupe-2048x969.jpeg 2048w\" sizes=\"auto, (max-width: 1024px) 100vw, 1024px\" \/><\/a><\/figure>\n\n\n\n<figure class=\"wp-block-image size-large\"><a href=\"https:\/\/www.vagovernorsschool.com\/FrenchAcademy\/wp-content\/uploads\/2023\/07\/detente-scaled.jpeg\"><img loading=\"lazy\" decoding=\"async\" width=\"1024\" height=\"484\" data-id=\"2216\" src=\"https:\/\/www.vagovernorsschool.com\/FrenchAcademy\/wp-content\/uploads\/2023\/07\/detente-1024x484.jpeg\" alt=\"vive l'amitie\" class=\"wp-image-2216\" srcset=\"https:\/\/www.vagovernorsschool.com\/FrenchAcademy\/wp-content\/uploads\/2023\/07\/detente-1024x484.jpeg 1024w, https:\/\/www.vagovernorsschool.com\/FrenchAcademy\/wp-content\/uploads\/2023\/07\/detente-300x142.jpeg 300w, https:\/\/www.vagovernorsschool.com\/FrenchAcademy\/wp-content\/uploads\/2023\/07\/detente-768x363.jpeg 768w, https:\/\/www.vagovernorsschool.com\/FrenchAcademy\/wp-content\/uploads\/2023\/07\/detente-1536x726.jpeg 1536w, https:\/\/www.vagovernorsschool.com\/FrenchAcademy\/wp-content\/uploads\/2023\/07\/detente-2048x969.jpeg 2048w\" sizes=\"auto, (max-width: 1024px) 100vw, 1024px\" \/><\/a><\/figure>\n\n\n\n<figure class=\"wp-block-image size-large\"><a href=\"https:\/\/www.vagovernorsschool.com\/FrenchAcademy\/wp-content\/uploads\/2023\/07\/viste-en-ville-scaled.jpeg\"><img loading=\"lazy\" decoding=\"async\" width=\"1024\" height=\"484\" data-id=\"2218\" src=\"https:\/\/www.vagovernorsschool.com\/FrenchAcademy\/wp-content\/uploads\/2023\/07\/viste-en-ville-1024x484.jpeg\" alt=\"\" class=\"wp-image-2218\" srcset=\"https:\/\/www.vagovernorsschool.com\/FrenchAcademy\/wp-content\/uploads\/2023\/07\/viste-en-ville-1024x484.jpeg 1024w, https:\/\/www.vagovernorsschool.com\/FrenchAcademy\/wp-content\/uploads\/2023\/07\/viste-en-ville-300x142.jpeg 300w, https:\/\/www.vagovernorsschool.com\/FrenchAcademy\/wp-content\/uploads\/2023\/07\/viste-en-ville-768x363.jpeg 768w, https:\/\/www.vagovernorsschool.com\/FrenchAcademy\/wp-content\/uploads\/2023\/07\/viste-en-ville-1536x726.jpeg 1536w, https:\/\/www.vagovernorsschool.com\/FrenchAcademy\/wp-content\/uploads\/2023\/07\/viste-en-ville-2048x969.jpeg 2048w\" sizes=\"auto, (max-width: 1024px) 100vw, 1024px\" \/><\/a><\/figure>\n<\/figure>\n\n\n\n<p>On est toujours en train de s\u2019am\u00e9liorer m\u00eame apr\u00e8s avoir atteint sa majorit\u00e9. Cette d\u00e9claration est vraie pendant n\u2019importe quelle activit\u00e9, y compris celles de l\u2019Acad\u00e9mie Fran\u00e7aise du Gouverneur de Virginie. Ce programme a permis aux Acad\u00e9micien.ne.s de vivre ensemble sur le campus de l\u2019Universit\u00e9 de Washington et Lee pendant trois semaines en n\u2019ayant pas le droit de parler anglais. Ce d\u00e9fi a cr\u00e9\u00e9 un bon nombre d\u2019opportunit\u00e9s pour ces \u00e9tudiant.e.s de faire red\u00e9finir et enrichir leurs personnalit\u00e9s respectives. D\u2019apr\u00e8s moi, l\u2019Acad\u00e9mie a particip\u00e9 \u00e0 mon d\u00e9veloppement personnel en me for\u00e7ant \u00e0 r\u00e9aliser qu\u2019une personne ne peut pas remplir une responsabilit\u00e9 collective.&nbsp;<\/p>\n\n\n\n<p>Pendant mon s\u00e9jour ici, j\u2019ai appris que l\u2019on ne devrait compl\u00e9ter que ses t\u00e2ches assign\u00e9es. Je faisais partie d\u2019une classe intitul\u00e9e <em>Formation de Leadership<\/em> depuis mon ann\u00e9e de troisi\u00e8me \u00e0 mon lyc\u00e9e, et dans cette classe on organise et g\u00e8re plusieurs \u00e9v\u00e8nements scolaires, comme la f\u00eate des ancien.ne.s \u00e9tudiant.e.s et une d\u00e9monstration de talent. Donc, il est essentiel que chaque \u00e9l\u00e8ve soit respectueux et serviable afin que toutes ces activit\u00e9s puissent se d\u00e9rouler sans probl\u00e8mes. Si plusieurs \u00e9tudiant.e.s \u00e9taient d\u00e9sobi\u00e9ssant.e.s, on r\u00e9primanderait la classe enti\u00e8re. Comme je voudrais que mes professeur.e.s croient que je suis un bon \u00e9tudiant, j\u2019accomplissais parfois quelques t\u00e2ches suppl\u00e9mentaires afin d\u2019assurer que personne ne penserait que je ne faisais rien. D\u2019apr\u00e8s moi, ceux et celles qui doivent organiser une activit\u00e9 sont content.e.s lorsqu\u2019elle est bien organis\u00e9e et se d\u00e9roule efficacement. Cette attitude continuait \u00e0 influencer mes pens\u00e9es pendant mon s\u00e9jour \u00e0 l\u2019Acad\u00e9mie ; quand les Acad\u00e9micien.ne.s \u00e9taient demand\u00e9.e.s de nettoyer la salle o\u00f9 un \u00e9v\u00e8nement venait d\u2019avoir lieu, je remplissais souvent quelques devoirs suppl\u00e9mentaires afin qu\u2019un.e adulte ne p\u00fbt pas me punir. Cependant, lorsque j\u2019\u00e9tais en train de ranger chaque table apr\u00e8s une s\u00e9ance de cuisine, on m\u2019arr\u00eatait, et on me disait qu\u2019il ne fallait pas essayer de compl\u00e9ter une t\u00e2che collective seul. En fait, la directrice de l\u2019Acad\u00e9mie m\u2019a assur\u00e9 que je ne devais pas nettoyer apr\u00e8s chaque \u00e9tudiant.e parce qu\u2019il faut que les autres Acad\u00e9micien.ne.s sachent agir comme de jeunes adultes responsables. Donc, j\u2019ai appris que je peux toujours attendre d\u2019une autre personne qu\u2019il (qu\u2019elle) remplisse ses devoirs au lieu de les accomplir moi-m\u00eame s\u2019il (si elle) n\u2019aide pas \u00e0 compl\u00e9ter une t\u00e2che de groupe.&nbsp;<\/p>\n\n\n\n<p>L\u2019Acad\u00e9mie m\u2019a fait r\u00e9aliser qu\u2019un projet auquel plusieurs personnes sont cens\u00e9es&nbsp; contribuer ne devrait pas devenir le travail de seulement un.e membre du groupe. En essayant d\u2019accomplir un bon nombre de devoirs suppl\u00e9mentaires, on risque d\u2019emp\u00eacher le d\u00e9veloppement personnel de ses pairs. En d\u2019autre terme, le mot <em>collectif<\/em> veut dire <em>collectif<\/em>.&nbsp;<\/p>\n\n\n\n<p>\u2026 Par Griffin&nbsp;<\/p>\n\n\n\n<p>Conform\u00e9ment \u00e0 plusieurs \u00e9tudes et profession, exp\u00e9rimenter de nouvelles exp\u00e9riences est la meilleure fa\u00e7on pour le d\u00e9veloppement personnel.&nbsp; Et vu que l\u2019acad\u00e9mie fran\u00e7aise \u00e9tait une nouvelle exp\u00e9rience pour moi, il y a eu beaucoup de croissance pendant ces trois semaines.&nbsp; Les plus \u00e9vidents domaines sont l\u2019ind\u00e9pendance que j\u2019ai eu et le courage que j\u2019ai pu d\u00e9velopper&nbsp;<\/p>\n\n\n\n<p>L\u2019acad\u00e9mie n\u2019est pas juste trois semaines de fran\u00e7aise, c\u2019est aussi trois semaines sans la famille. Chaque acad\u00e9micien(ne) doit quitter sa famille et il\/elle ne peut pas communiquer avec eux, sauf avec des lettres. C\u2019est quelque chose compl\u00e8tement nouveau pour la majorit\u00e9, moi y compris. Avant l\u2019acad\u00e9mie, je n\u2019avais jamais quitt\u00e9 ma famille pour plus d\u2019une semaine, et m\u00eame quand je n\u2019\u00e9tais pas avec ma famille, je pouvais encore parler avec eux car j\u2019avais mon t\u00e9l\u00e9phone. Partir sans la famille est, sans doute, tr\u00e8s effrayante et la personne doit avoir le courage de faire \u00e7a.&nbsp;&nbsp;&nbsp;<\/p>\n\n\n\n<p>Sachant que la majorit\u00e9 d\u2019entre nous quitteront nos familles pour l\u2019universit\u00e9 dans un an, l\u2019acad\u00e9mie est une bonne pratique. Ici, les acad\u00e9miciens ont d\u00e9velopp\u00e9 leur ind\u00e9pendance et apprendre comment ils peuvent survivre sans leurs t\u00e9l\u00e9phones et parents. Gr\u00e2ce \u00e0 l\u2019acad\u00e9mie, je suis pr\u00eat pour l\u2019ann\u00e9e prochaine quand je quitterai ma famille pour l\u2019universit\u00e9.&nbsp;&nbsp;<\/p>\n\n\n\n<p>En outre, l\u2019acad\u00e9mie est un endroit o\u00f9 les acad\u00e9miciens ont eu autant d\u2019amis qui s\u2019exprime en fran\u00e7aise.&nbsp; Cette situation ne s\u2019appliquera peut-\u00eatre pas \u00e0 tous, mais en g\u00e9n\u00e9ral c\u2019est vrai. Alors, on nous apprend \u00e0 \u00ab\u202fjeter la peur dans la poubelle\u202f\u00bb et \u00e0 \u00eatre courageux.&nbsp;<\/p>\n\n\n\n<p>&nbsp;Je ne suis pas une introvertie, mais pendant la premi\u00e8re semaine j\u2019avais peur, particuli\u00e8rement des autres acad\u00e9miciens. C\u2019\u00e9tait \u00e0 cause du fait que je ne voulais pas faire les fautes quand je parlais. Mais, c\u2019est difficile de faire la connaissance des autres acad\u00e9miciens quand je ne parle jamais. Dans ce cas, je devais oublier ma peur et accepter de faire des erreurs afin d\u2019apprendre.&nbsp;&nbsp;<\/p>\n\n\n\n<p>En bref, l\u2019acad\u00e9mie m\u2019a aid\u00e9 dans plusieurs domaines, mon d\u00e9veloppement personnel y compris. Je parle fran\u00e7ais mieux qu\u2019avant, et je peux dire avec certitude que j\u2019ai exp\u00e9rimenter une croissance totale de ma personne pendant ces trois semaines.&nbsp;&nbsp;<\/p>\n\n\n\n<p>&#8230; Par Emma<\/p>\n\n\n\n<p>&nbsp;Je suis venu apprendre la langue fran\u00e7aise, et c\u2019\u00e9tait ma seule attente, mais l\u2019acad\u00e9mie a \u00e9t\u00e9 un point primordial dans mon d\u00e9veloppement personnel et \u00e7a a surpass\u00e9 toute mes esp\u00e9rances. Non seulement j\u2019ai \u00e9t\u00e9 capable de d\u00e9velopper mon \u00e9criture et mon parler, mais j\u2019ai aussi pris confiance en moi.&nbsp;&nbsp;<\/p>\n\n\n\n<p>Premi\u00e8rement, parler en fran\u00e7ais \u00e9tait mon point faible, et c\u2019est pour cela que j\u2019\u00e9tais timide les deux premiers jours. Mais maintenant, je peux parler avec confidence car l\u2019acad\u00e9mie m\u2019a aid\u00e9 \u00e0 pratiquer. Parler avec ma famille durant la premi\u00e8re semaine, avec les gar\u00e7ons, et avec tout le monde en g\u00e9n\u00e9ral a boost\u00e9 mon habilit\u00e9 \u00e0 parler Fran\u00e7ais.&nbsp;&nbsp;<\/p>\n\n\n\n<p>Deuxi\u00e8mement, participer au blog, o\u00f9 je devais \u00e9crire des dissertations, m\u2019a appris que j\u2019avais encore du chemin \u00e0 faire afin d\u2019am\u00e9liorer mon \u00e9criture. Maintenant, je comprends mes points faibles comme le vocabulaire, la conjugaison, ou l\u2019\u00e9criture formelle d\u2019une lettre.&nbsp; Les corrections des professeurs et des monos m&#8217;aident beaucoup avec mon grammaire et vocabulaire.&nbsp;<\/p>\n\n\n\n<p>Finalement, L\u2019environnement de l\u2019acad\u00e9mie encourage le courage, la croissance et l\u2019apprentissage. J\u2019ai maintenant confiance en moi gr\u00e2ce \u00e0 l\u2019acad\u00e9mie.&nbsp; Je pensais que les gens se moqueraient de moi si une fois je faisais une erreur mais \u00e7a n\u2019a jamais \u00e9t\u00e9 le cas \u00e0 l\u2019acad\u00e9mie.&nbsp; Je m\u2019embarrassais au commencement de l&#8217;acad\u00e9mie mais maintenant ce n\u2019est pas le cas.&nbsp; Les professeurs, les moniteurs, et mes amis \u00e9taient patients avec moi, et ils s&#8217;en foutaient quand je faisais une erreur. J\u2019avais aussi peur de parler devant des personnes (sp\u00e9cialement en classe) ou pendant des heures de conversation, mais cela n\u2019a pas dur\u00e9. Ils m\u2019ont appris que l\u2019erreur \u00e9tait humaine et qu\u2019il fallait que je jette ma peur dans la poubelle, et depuis ce jour-l\u00e0, je sais que je capable de tout.&nbsp;&nbsp;<\/p>\n\n\n\n<p>&#8230; Par Drew <\/p>\n\n\n\n<p>A mon avis, l\u2019Acad\u00e9mie Fran\u00e7aise a contribu\u00e9 \u00e0 mon d\u00e9veloppement personnel parce que je ne suis pas d\u00e9pendant de mon portable. Avant l\u2019acad\u00e9mie, j\u2019utilisais beaucoup mon portable, mais maintenant, il ne me manque pas.&nbsp; J\u2019\u00e9tais un peu surpris quand les r\u00e9seaux sociaux ne m\u2019ont pas manqu\u00e9. Par contre, je voudrais \u00e9couter de la musique. J\u2019ai fait beaucoup des amis ici. Avant le 17 Juin, beaucoup de mes amis \u00e9taient \u00e0 Herndon ou Reston mais maintenant, et maintenant, j\u2019ai des amis dans plusieurs autres endroits, bien qu&#8217;ils soient aussi en Virginie du Nord.&nbsp;&nbsp;<\/p>\n\n\n\n<p>L&#8217;acad\u00e9mie a contribu\u00e9 au d\u00e9veloppent de ma connaissance de la langue Fran\u00e7aise. Pour exemple, j\u2019ai trouv\u00e9 que les conversations en fran\u00e7ais m\u2019aident plus que les cours. Je pourrais aller aux cours similaires \u00e0 mon \u00e9cole et pas faire autant de progr\u00e8s, mais les conversations simples avec mes amis m\u2019aident beaucoup avec l\u2019apprendicage de la langue.&nbsp; Mon exp\u00e9rience ici m\u2019a donn\u00e9 beaucoup des souvenirs pour l\u2019avenir. J\u2019esp\u00e8re que je garderais contact avec mes amis apr\u00e8s la fin de l\u2019acad\u00e9mie, bien que \u00e7a puisse \u00eatre un peu difficile parce que nous habitons un peu loin les uns les autres.&nbsp;&nbsp;<\/p>\n\n\n\n<p>Aussi, j\u2019ai d\u00e9velopp\u00e9 un sens de libert\u00e9 et d\u2019ind\u00e9pendance pendant mon s\u00e9jour. Mes parents ne sont pas ici pour me dire ce que je dois faire. Pour l\u2019acad\u00e9mie, je suis \u00e0 une universit\u00e9 qui se trouve \u00e0 trois heures de Virginie du Nord, et je n\u2019ai jamais \u00e9t\u00e9 aussi loin de chez moi pour un long moment. J\u2019imagine que cette exp\u00e9rience est presque la m\u00eame que celle d&#8217;une vraie universit\u00e9, sans le Fran\u00e7ais, sans le programme strict, et avec mon portable, et je pense que cette exp\u00e9rience m\u2019a pr\u00e9par\u00e9 aux jours avenir pour quand je partirais \u00e0 l\u2019universit\u00e9.&nbsp;<\/p>\n\n\n\n<p>En bref, je pense que mes trois semaines ici \u00e0 l\u2019Acad\u00e9mie Fran\u00e7aise ont contribu\u00e9 \u00e0 mon d\u00e9veloppement personnel parce que j\u2019ai fait de nouveaux amis, je suis au campus d\u2019une universit\u00e9, je suis libre, et je suis sans mon portable.&nbsp;<\/p>\n\n\n\n<p>&#8230;Par Brody&nbsp;<\/p>\n\n\n\n<p>j\u2019ai appris beaucoup de moi-m\u00eame car cette exp\u00e9rience a \u00e9norm\u00e9ment particip\u00e9 \u00e0 mon d\u00e9veloppement personnel. Elle m\u2019a donn\u00e9 de la confidence en moi, le courage d\u2019utiliser mon fran\u00e7ais, et de parler avec des gens sans pour autant avoir peur.&nbsp;&nbsp;&nbsp;<\/p>\n\n\n\n<p>En outre, j\u2019ai travaillait sur mon \u00e9criture et ma compr\u00e9hension me permettant de mieux communiquer effectivement mes id\u00e9es en fran\u00e7ais comme en anglais. Maintenant, j\u2019adore la langue fran\u00e7aise plus qu&#8217;avant, et j\u2019aimerais l\u2019\u00e9tudier \u00e0 l\u2019universit\u00e9.&nbsp;<\/p>\n\n\n\n<p>Pour finir, cette exp\u00e9rience m\u2019a donn\u00e9 une perspective de ce que j\u2019aimerais avoir comme travail dans ma future et aussi o\u00f9 je me vois habiter sur le long terme. Cette exp\u00e9rience m\u2019a aussi aid\u00e9 \u00e0 prendre une petite pause sur le r\u00e9seau sociaux ce qui m\u2019a permis de me concentrer sur ma sant\u00e9 mentale et de plus me connecter avec mes nouveaux amis.&nbsp;<\/p>\n\n\n\n<p>&#8230;Par Augusta<\/p>\n\n\n\n<p>Le d\u00e9veloppement personnel est tr\u00e8s difficile \u00e0 quantifier, mais je vais essayer d\u2019\u00e9num\u00e9rer du mieux que je peux comment est-ce que l\u2019acad\u00e9mie a particip\u00e9 \u00e0 mon d\u00e9veloppement personnel. &nbsp;<\/p>\n\n\n\n<p>\u00c9videmment, l\u2019acad\u00e9mie \u00e0 am\u00e9liorer mon habilit\u00e9 \u00e0 \u00e9couter, parler, lire, et \u00e9crire en fran\u00e7ais, mais ce qui est plus important est que l\u2019acad\u00e9mie m\u2019a aid\u00e9 \u00e0 devenir plus ouvert. Dans une exp\u00e9rience d\u2019immersion comme celle-ci, on doit beaucoup parler. Dans mon lyc\u00e9e, j\u2019\u00e9tais toujours avec le groupe qui ne parlait pas beaucoup, mais tout est diff\u00e8rent \u00e0 l\u2019acad\u00e9mie. J\u2019ai d\u00fb prendre part \u00e0 des conversations, je chantais, et dansais avec les autres. A cause de \u00e7a, je pense \u00eatre plus ouvert et confortable dans des \u00e9v\u00e8nements publics.&nbsp;<\/p>\n\n\n\n<p>Au cours de l\u2019acad\u00e9mie, j\u2019ai d\u00e9velopp\u00e9 ma compr\u00e9hension de la culture Fran\u00e7aise et des pays Francophone. Avec les activit\u00e9s comme les r\u00e9unions de famille. J\u2019ai pu apprendre \u00e0 propos des nourritures, les traditions, et les mani\u00e8res de vie des autres cultures du monde.&nbsp;&nbsp;<\/p>\n\n\n\n<p>&#8230;Par Jason &nbsp;<\/p>\n","protected":false},"excerpt":{"rendered":"<p>D\u00e9veloppement personnel Ma famille est extr\u00eamement importante pour moi et quand nous nous sommes s\u00e9par\u00e9s de nos familles, j\u2019\u00e9tais tr\u00e8s &hellip; <\/p>\n","protected":false},"author":4,"featured_media":0,"comment_status":"closed","ping_status":"open","sticky":false,"template":"","format":"gallery","meta":{"footnotes":""},"categories":[1],"tags":[],"class_list":["post-2192","post","type-post","status-publish","format-gallery","hentry","category-uncategorized","post_format-post-format-gallery","latest_post"],"_links":{"self":[{"href":"https:\/\/www.vagovernorsschool.com\/FrenchAcademy\/wp-json\/wp\/v2\/posts\/2192","targetHints":{"allow":["GET"]}}],"collection":[{"href":"https:\/\/www.vagovernorsschool.com\/FrenchAcademy\/wp-json\/wp\/v2\/posts"}],"about":[{"href":"https:\/\/www.vagovernorsschool.com\/FrenchAcademy\/wp-json\/wp\/v2\/types\/post"}],"author":[{"embeddable":true,"href":"https:\/\/www.vagovernorsschool.com\/FrenchAcademy\/wp-json\/wp\/v2\/users\/4"}],"replies":[{"embeddable":true,"href":"https:\/\/www.vagovernorsschool.com\/FrenchAcademy\/wp-json\/wp\/v2\/comments?post=2192"}],"version-history":[{"count":7,"href":"https:\/\/www.vagovernorsschool.com\/FrenchAcademy\/wp-json\/wp\/v2\/posts\/2192\/revisions"}],"predecessor-version":[{"id":2631,"href":"https:\/\/www.vagovernorsschool.com\/FrenchAcademy\/wp-json\/wp\/v2\/posts\/2192\/revisions\/2631"}],"wp:attachment":[{"href":"https:\/\/www.vagovernorsschool.com\/FrenchAcademy\/wp-json\/wp\/v2\/media?parent=2192"}],"wp:term":[{"taxonomy":"category","embeddable":true,"href":"https:\/\/www.vagovernorsschool.com\/FrenchAcademy\/wp-json\/wp\/v2\/categories?post=2192"},{"taxonomy":"post_tag","embeddable":true,"href":"https:\/\/www.vagovernorsschool.com\/FrenchAcademy\/wp-json\/wp\/v2\/tags?post=2192"}],"curies":[{"name":"wp","href":"https:\/\/api.w.org\/{rel}","templated":true}]}}