{"id":1943,"date":"2022-07-02T14:14:33","date_gmt":"2022-07-02T18:14:33","guid":{"rendered":"http:\/\/www.vagovernorsschool.com\/FrenchAcademy\/?p=1943"},"modified":"2022-07-02T14:14:35","modified_gmt":"2022-07-02T18:14:35","slug":"le-pays-basque-euskal-herria-delina-c","status":"publish","type":"post","link":"https:\/\/www.vagovernorsschool.com\/FrenchAcademy\/le-pays-basque-euskal-herria-delina-c\/","title":{"rendered":"Le Pays Basque \u2013 Euskal Herria d&#8217;Elina C."},"content":{"rendered":"<div class=\"wp-block-image\">\n<figure class=\"aligncenter\"><img decoding=\"async\" src=\"https:\/\/lh6.googleusercontent.com\/KYZmN43GCssZ0O213Gvas68K3hq2nfNGorfaXoHeAd8_alSAjFwZVVlaPYXMtMudflux4NEfb_VMAvoPcCUUxuR33NiB8BqoMD8v4Gfpz5U7i5UrDZg0fVlEsqKCEezhGdy0-DgtIT2fxAA2lw\" alt=\"\"\/><\/figure>\n<\/div>\n\n\n<p><strong>Qui sont les basques<\/strong><\/p>\n\n\n\n<p>Le Pays Basque, ou Euskara en basque, est situ\u00e9 dans deux pays, L\u2019Espagne et La France. C\u2019est au sud la Baie de Biscay. La g\u00e9ographie est caract\u00e9ris\u00e9e par les montagnes des Pyr\u00e9n\u00e9es. En France, Le Pays Basque fait partie du departement des pyrenees-atlantique. En Espagne, \u00e7a fait partie de la Haute Navarre. Les villes principales sont Bilbao et Vitoria-Gasteiz.<\/p>\n\n\n\n<p>Au Pays Basque, les gens parlent espagnol, fran\u00e7ais, et bien s\u00fbr, basque. La langue basque peut \u00eatre la langue la plus ancienne vivante en Europe. Le Basque est une langue vachement unique; ce n&#8217;est pas dans la famille romantique. En fait, c&#8217;est un isolat linguistique, ce qui veut dire qu&#8217; aucune langue vivante peut \u00eatre rattach\u00e9e \u00e0 cette langue. Pourtant, il y a eu quelques influences du fran\u00e7ais et du espagnol sur le Basque et vice versa.&nbsp;<\/p>\n\n\n\n<p>Maintenant, presque 1 million de personnes autour du monde peuvent parler Basque couramment. Il y a eu plusieurs immigrants du Pays Basque, notamment en Am\u00e9rique et au Canada.<\/p>\n\n\n<div class=\"wp-block-image\">\n<figure class=\"aligncenter\"><img decoding=\"async\" src=\"https:\/\/lh3.googleusercontent.com\/r1CJ3SUnEzxdvLbXySurkTM1UGkoA_FezLsYi5ErDWIFD70F09z6DJ2U-YeshOmXdk-i1u7wfJsTa5sggsuzbuJHgo15PeEHhDNxcQ0XiqU4Hpgh8k3Z1jOELzDJsm8pu_jGPkIt95qumOzsDA\" alt=\"\"\/><\/figure>\n<\/div>\n\n\n<p><strong>L\u2019Histoire et la situation courant du Pays Basque<\/strong><\/p>\n\n\n\n<p>Originalement, les Basques \u00e9taient une groupe nomade. \u00c9ventuellement, ils ont appris \u00e0 travailler avec le bronze et le cuir des Celtes. Ils ont \u00e9t\u00e9 colonis\u00e9s par plusieurs pays comme le Royaume Musulaman, les Romains, le Royaume d&#8217;Angleterre, etcetera, mais ils ont retenu leur identit\u00e9.<\/p>\n\n\n\n<p>A travers l\u2019histoire, le peuple Basque a \u00e9t\u00e9 isol\u00e9 culturellement. Du coup, les traditions et la langue sont extr\u00eamement diff\u00e9rentes de celles qui sont \u00e0 c\u00f4t\u00e9 de ce petit pays. Depuis longtemps, les Basques ont voulu supprimer un pays autonome \u00e0 cause de leur propre sentiment de nationalisme. Pendant la deuxi\u00e8me guerre mondiale, la ville Guernica a \u00e9t\u00e9 bombard\u00e9e par les Nazis. Ce bombardement a \u00e9t\u00e9 le sujet pour la peinture Guernica par Pablo Picasso qui voulait exposer le violence aux citoyens dans le deuxi\u00e8me Guerre Mondiale. Les nationalistes Basque ont vu ce bombardement de Guernica comme une attaque directe sur le c\u0153ur du Pays Basque. Apr\u00e8s la Guerre, un nouveau pr\u00e9sident espagnol, Francisco Franco s\u2019est mis \u00e0 impl\u00e9menter de nouvelles r\u00e8gles plus strictes pour la communaut\u00e9 basque. Plusieurs personnes ont quitt\u00e9 l&#8217;Espagne pendant cette p\u00e9riode.&nbsp;<\/p>\n\n\n\n<p>Pendant le XXe si\u00e8cle, les Basques ont commenc\u00e9 \u00e0 perdre un peu de leur culture; de moins en moins de personnes apprenaient la langue basque \u00e0 l&#8217;\u00e9cole parce que la langue domin\u00e9e \u00e9tait l\u2019espagnol. Maintenant, il y a un effort au Pays Basque de conserver la culture et la langue Basque pour sa post\u00e9rit\u00e9 et son avenir.<\/p>\n\n\n<div class=\"wp-block-image\">\n<figure class=\"aligncenter\"><img decoding=\"async\" src=\"https:\/\/lh5.googleusercontent.com\/xS2jzK0jhEGmOGja-clVI1WIRkdj90wcF3k0H-RPqbwwxYv5W2ZsPH_bYuj-WWuRxJLlgo30earizyoQx5Tt07QVQYAQyMAP5Kzj8yRc6_8QmTT9oAdYvySkdMvIhi_kO6531wITxTEM-4nykg\" alt=\"\"\/><\/figure>\n<\/div>\n\n\n<p><a href=\"https:\/\/www-britannica-com.translate.goog\/topic\/Basque-language\">https:\/\/www-britannica-com.translate.goog\/topic\/Basque-language<\/a><\/p>\n\n\n\n<p><a href=\"https:\/\/www.axl.cefan.ulaval.ca\/monde\/fambasque.ht\">https:\/\/www.axl.cefan.ulaval.ca\/monde\/fambasque.ht<\/a><\/p>\n\n\n\n<figure class=\"wp-block-embed is-type-wp-embed is-provider-paysbasque-net wp-block-embed-paysbasque-net\"><div class=\"wp-block-embed__wrapper\">\n<blockquote class=\"wp-embedded-content\" data-secret=\"5iCT1vRyuZ\"><a href=\"https:\/\/www.paysbasque.net\/balades-randonnees-et-decouvertes\/le-mondarrain\/\">Une randonn\u00e9e sur le Mondarrain<\/a><\/blockquote><iframe loading=\"lazy\" class=\"wp-embedded-content\" sandbox=\"allow-scripts\" security=\"restricted\" style=\"position: absolute; clip: rect(1px, 1px, 1px, 1px);\" title=\"\u00ab\u00a0Une randonn\u00e9e sur le Mondarrain\u00a0\u00bb &#8212; Paysbasque.net\" src=\"https:\/\/www.paysbasque.net\/balades-randonnees-et-decouvertes\/le-mondarrain\/embed\/#?secret=jUce0KaOSY#?secret=5iCT1vRyuZ\" data-secret=\"5iCT1vRyuZ\" width=\"600\" height=\"338\" frameborder=\"0\" marginwidth=\"0\" marginheight=\"0\" scrolling=\"no\"><\/iframe>\n<\/div><\/figure>\n","protected":false},"excerpt":{"rendered":"<p>Qui sont les basques Le Pays Basque, ou Euskara en basque, est situ\u00e9 dans deux pays, L\u2019Espagne et La France. &hellip; <\/p>\n","protected":false},"author":1,"featured_media":0,"comment_status":"closed","ping_status":"open","sticky":false,"template":"","format":"standard","meta":{"footnotes":""},"categories":[1],"tags":[],"class_list":["post-1943","post","type-post","status-publish","format-standard","hentry","category-uncategorized","latest_post"],"_links":{"self":[{"href":"https:\/\/www.vagovernorsschool.com\/FrenchAcademy\/wp-json\/wp\/v2\/posts\/1943","targetHints":{"allow":["GET"]}}],"collection":[{"href":"https:\/\/www.vagovernorsschool.com\/FrenchAcademy\/wp-json\/wp\/v2\/posts"}],"about":[{"href":"https:\/\/www.vagovernorsschool.com\/FrenchAcademy\/wp-json\/wp\/v2\/types\/post"}],"author":[{"embeddable":true,"href":"https:\/\/www.vagovernorsschool.com\/FrenchAcademy\/wp-json\/wp\/v2\/users\/1"}],"replies":[{"embeddable":true,"href":"https:\/\/www.vagovernorsschool.com\/FrenchAcademy\/wp-json\/wp\/v2\/comments?post=1943"}],"version-history":[{"count":1,"href":"https:\/\/www.vagovernorsschool.com\/FrenchAcademy\/wp-json\/wp\/v2\/posts\/1943\/revisions"}],"predecessor-version":[{"id":1944,"href":"https:\/\/www.vagovernorsschool.com\/FrenchAcademy\/wp-json\/wp\/v2\/posts\/1943\/revisions\/1944"}],"wp:attachment":[{"href":"https:\/\/www.vagovernorsschool.com\/FrenchAcademy\/wp-json\/wp\/v2\/media?parent=1943"}],"wp:term":[{"taxonomy":"category","embeddable":true,"href":"https:\/\/www.vagovernorsschool.com\/FrenchAcademy\/wp-json\/wp\/v2\/categories?post=1943"},{"taxonomy":"post_tag","embeddable":true,"href":"https:\/\/www.vagovernorsschool.com\/FrenchAcademy\/wp-json\/wp\/v2\/tags?post=1943"}],"curies":[{"name":"wp","href":"https:\/\/api.w.org\/{rel}","templated":true}]}}