{"id":1933,"date":"2022-06-29T14:36:35","date_gmt":"2022-06-29T18:36:35","guid":{"rendered":"https:\/\/www.vagovernorsschool.com\/FrenchAcademy\/?p=1933"},"modified":"2022-06-29T14:36:36","modified_gmt":"2022-06-29T18:36:36","slug":"les-compositeurs-romantiques-francais-de-gabriel-s","status":"publish","type":"post","link":"https:\/\/www.vagovernorsschool.com\/FrenchAcademy\/les-compositeurs-romantiques-francais-de-gabriel-s\/","title":{"rendered":"Les Compositeurs romantiques fran\u00e7ais, de Gabriel S."},"content":{"rendered":"\n<p><strong>L\u2019introduction<\/strong><\/p>\n\n\n\n<p>Quand on pense \u00e0 la musique classique qui vient de la France, il faut penser aux compositeurs fran\u00e7ais. Un p\u00e9riode en particulier avec \u00e9norm\u00e9ment d\u2019importance pour la musique classique fran\u00e7aise qui a cr\u00e9\u00e9 plein de compositeurs fran\u00e7ais qui ont influenc\u00e9 la musique classique mondiale, c\u2019est la p\u00e9riode romantique, qui est caract\u00e9ris\u00e9e par la musique avec plus de sentiments exprim\u00e9s et les th\u00e8mes plus \u00e9motionnels que dans les \u0153uvres des compositeurs d\u2019autres \u00e9poques auparavant.&nbsp; Il y a quelques compositeurs fran\u00e7ais de ce p\u00e9riode qui sont c\u00e9l\u00e9br\u00e9s autour du monde:<br><img loading=\"lazy\" decoding=\"async\" src=\"https:\/\/lh5.googleusercontent.com\/Ppm7k_Jr9LdZQLvAQArseYBveHIBK8yin1GYjMC2bYzhuMap6marJraRd_TjLsNiq9Zt63pGNzExeIC65uXJZRme72vK8Oc900PA42UNvAH8K7l1g0HUTCj4uyXpC1CQukSR973UemnauBYmmQ\" width=\"115\" height=\"153\"><\/p>\n\n\n\n<p><strong>Hector Berlioz (1803-1869)<\/strong><\/p>\n\n\n\n<p>Berlioz a \u00e9t\u00e9 un des premiers compositeurs romantiques en France, bien qu\u2019il ne soit pas tr\u00e8s connu. Sa carri\u00e8re n&#8217;a pas \u00e9t\u00e9 facile, avec beaucoup de difficult\u00e9s financi\u00e8res, mais il a compos\u00e9 plein de belles pi\u00e8ces qui ont stimul\u00e9 le mouvement romantique de la musique classique. Son \u0153uvre la plus c\u00e9l\u00e8bre est la Symphonie Fantastique Op. 14, qui raconte l\u2019histoire d\u2019un jeune artiste et ses exp\u00e9riences avec le coup de foudre. Son influence est tellement grand que Modest Moussorgski, un compositeur russe, a \u00e9t\u00e9 influenc\u00e9 par lui.&nbsp;<\/p>\n\n\n\n<p>source de l\u2019image: <a href=\"https:\/\/en.wikipedia.org\/wiki\/Hector_Berlioz\">https:\/\/en.wikipedia.org\/wiki\/Hector_Berlioz<\/a><br><img loading=\"lazy\" decoding=\"async\" src=\"https:\/\/lh4.googleusercontent.com\/dQGVlKBBaP4Osz6LibLBfTM9IyV7H3TKSfEZXA59tBb6jEek_gXuyAVvQN1zllCqZ6foNil4F8uDP0Q9MnaIYNxmWoEnQxui7IX_NUg0J5BJm7JCcFMgz97Mw1DnPFd2b2VFnw-WTh9N_d4uLg\" width=\"108\" height=\"150\"><\/p>\n\n\n\n<p><strong>Georges Bizet (1838-1875)<\/strong><\/p>\n\n\n\n<p>Bizet est entr\u00e9 dans le Conservatoire de Paris (une grande \u00e9cole en France pour \u00e9tudier la musique) quand il avait 9 ans, et il a cr\u00e9\u00e9 sa premi\u00e8re composition quand il avait 17 ans. Quel g\u00e9nie! Il a \u00e9t\u00e9 reconnu par quelques compositeurs de cet \u00e9poque pour son talent, par exemple Franz Liszt. Le premier type de compositions de Bizet sont les op\u00e9ras; un op\u00e9ra en particulier qui est bien connu est \u00abCarmen.\u00bb Il s\u2019agit d\u2019une femme espagnole qui s\u2019appelle Carmen qui a abandonn\u00e9 Don Jos\u00e9 pour \u00eatre avec le tor\u00e9ador Escamillo. Il y a une m\u00e9lodie dans cet op\u00e9ra qui est tellement c\u00e9l\u00e8bre qu\u2019on peut la trouver dans un jeu vid\u00e9o. Malheureusement, Bizet est mort trop jeune \u00e0 47 ans.<\/p>\n\n\n\n<p>source de l\u2019image: <a href=\"https:\/\/en.wikipedia.org\/wiki\/Georges_Bizet\">https:\/\/en.wikipedia.org\/wiki\/Georges_Bizet<\/a><\/p>\n\n\n\n<p><img loading=\"lazy\" decoding=\"async\" src=\"https:\/\/lh3.googleusercontent.com\/_Z7K4FV5xVEu4qaAikdWAKMyFVYAebpf13UDCFTJpq-_1YlqTkwQBTAh0csVF3U-JQZe6zko7f_r8VrErpQyDsah3y8pWRnfy4sOEWQ0KBbgxTGzFArv4Y0qOswvfzO3nhAqG2ooi2TI6Iq7KA\" width=\"115\" height=\"149\"><\/p>\n\n\n\n<p><strong>Camille Saint-Sa\u00ebns (1835-1921)<\/strong><\/p>\n\n\n\n<p>Ce compositeur est aussi entr\u00e9 dans le Conservatoire tr\u00e8s jeune, quand il avait 13 ans. Il a compos\u00e9 de nombreuses \u0153uvres populaires, par exemple, la Danse Macabre, une pi\u00e8ce qui peut faire peur, et le Carnaval des Animaux, avec des mouvements pour les animaux diff\u00e9rents et un fin tr\u00e8s reconnu. Il a \u00e9tabli la Soci\u00e9t\u00e9 Nationale de Musique en 1876 pour encourager les compositeurs \u00e0 faire de la musique plus moderne, qui a inspir\u00e9 quelques compositeurs fran\u00e7ais du XX\u00e8me si\u00e8cle, par exemple, Maurice Ravel. Diff\u00e9rent de Bizet, Saint-Sa\u00ebns a v\u00e9cu longtemps; il avait 86 ans quand il est mort.<\/p>\n\n\n\n<p>source de l\u2019image: <a href=\"https:\/\/www.wqxr.org\/story\/camille-saint-saenss-musical-souvenirs\">https:\/\/www.wqxr.org\/story\/camille-saint-saenss-musical-souvenirs<\/a><\/p>\n\n\n\n<p><img loading=\"lazy\" decoding=\"async\" src=\"https:\/\/lh4.googleusercontent.com\/X1w5de7DZOX5gVZ78MZ9YoZF02VRi2kFdQkWAlogbjZEhhBXN4aPV_KDAfJ2M4gJyeiJ9rJQ3iQajUukujffOCuFp-9rtmJuIzug_iQjGN8aE7vylKTk7X9uvAupKhJQ05brJpm1m7xGp-qJsA\" width=\"112\" height=\"137\"><\/p>\n\n\n\n<p><strong>Claude Debussy (1862-1918)<\/strong><\/p>\n\n\n\n<p>Probablement le compositeur fran\u00e7ais le plus populaire, Debussy a compos\u00e9 plusieurs \u0153uvres signifiantes pour l\u2019histoire de la musique classique. Il est entr\u00e9 dans le Conservatoire quand il avait 10 ans pour \u00e9tudier le piano, mais il a choisi la composition au lieu du piano. Son style de musique est plus expressif que les autres compositeurs, parce qu\u2019il a \u00e9t\u00e9 fascin\u00e9 par le symbolisme dans la musique. On peut l\u2019entendre dans ses pi\u00e8ces bien connues, par exemple, Claire de Lune, La Mer, et Pr\u00e9lude \u00c0 l&#8217;Apr\u00e8s-midi d\u2019un Faune.&nbsp;<\/p>\n\n\n\n<p>source de l\u2019image: <a href=\"https:\/\/en.wikipedia.org\/wiki\/Claude_Debussy\">https:\/\/en.wikipedia.org\/wiki\/Claude_Debussy<\/a><\/p>\n\n\n\n<p><strong>La Conclusion<\/strong><\/p>\n\n\n\n<p>Les compositeurs fran\u00e7ais dans l\u2019\u00e9poque romantique ont \u00e9t\u00e9 tr\u00e8s diff\u00e9rents l\u2019un&nbsp; de l\u2019autre, mais leurs styles de musique jouent un grand r\u00f4le \u00e0 marquer la p\u00e9riode romantique de la musique classique. Il y a d&#8217;autres compositeurs romantiques qui l\u2019ont fait aussi, mais ces quatre compositeurs ont influenc\u00e9 la musique classique aux autres compositeurs, dans la p\u00e9riode romantique et la p\u00e9riode moderne aussi. Quel est votre compositeur favori?<\/p>\n","protected":false},"excerpt":{"rendered":"<p>L\u2019introduction Quand on pense \u00e0 la musique classique qui vient de la France, il faut penser aux compositeurs fran\u00e7ais. Un &hellip; <\/p>\n","protected":false},"author":1,"featured_media":0,"comment_status":"closed","ping_status":"open","sticky":false,"template":"","format":"standard","meta":{"footnotes":""},"categories":[1],"tags":[],"class_list":["post-1933","post","type-post","status-publish","format-standard","hentry","category-uncategorized","latest_post"],"_links":{"self":[{"href":"https:\/\/www.vagovernorsschool.com\/FrenchAcademy\/wp-json\/wp\/v2\/posts\/1933","targetHints":{"allow":["GET"]}}],"collection":[{"href":"https:\/\/www.vagovernorsschool.com\/FrenchAcademy\/wp-json\/wp\/v2\/posts"}],"about":[{"href":"https:\/\/www.vagovernorsschool.com\/FrenchAcademy\/wp-json\/wp\/v2\/types\/post"}],"author":[{"embeddable":true,"href":"https:\/\/www.vagovernorsschool.com\/FrenchAcademy\/wp-json\/wp\/v2\/users\/1"}],"replies":[{"embeddable":true,"href":"https:\/\/www.vagovernorsschool.com\/FrenchAcademy\/wp-json\/wp\/v2\/comments?post=1933"}],"version-history":[{"count":2,"href":"https:\/\/www.vagovernorsschool.com\/FrenchAcademy\/wp-json\/wp\/v2\/posts\/1933\/revisions"}],"predecessor-version":[{"id":1935,"href":"https:\/\/www.vagovernorsschool.com\/FrenchAcademy\/wp-json\/wp\/v2\/posts\/1933\/revisions\/1935"}],"wp:attachment":[{"href":"https:\/\/www.vagovernorsschool.com\/FrenchAcademy\/wp-json\/wp\/v2\/media?parent=1933"}],"wp:term":[{"taxonomy":"category","embeddable":true,"href":"https:\/\/www.vagovernorsschool.com\/FrenchAcademy\/wp-json\/wp\/v2\/categories?post=1933"},{"taxonomy":"post_tag","embeddable":true,"href":"https:\/\/www.vagovernorsschool.com\/FrenchAcademy\/wp-json\/wp\/v2\/tags?post=1933"}],"curies":[{"name":"wp","href":"https:\/\/api.w.org\/{rel}","templated":true}]}}