{"id":1930,"date":"2022-06-29T14:23:18","date_gmt":"2022-06-29T18:23:18","guid":{"rendered":"https:\/\/www.vagovernorsschool.com\/FrenchAcademy\/?p=1930"},"modified":"2022-06-29T14:23:20","modified_gmt":"2022-06-29T18:23:20","slug":"%ef%bf%bcdes-histoires-droles-de-elena-s-%ef%bf%bc","status":"publish","type":"post","link":"https:\/\/www.vagovernorsschool.com\/FrenchAcademy\/%ef%bf%bcdes-histoires-droles-de-elena-s-%ef%bf%bc\/","title":{"rendered":"\ufffcDes histoires dr\u00f4les, de Elena S.\ufffc"},"content":{"rendered":"\n<figure class=\"wp-block-image\"><img decoding=\"async\" src=\"https:\/\/lh4.googleusercontent.com\/kP7ZPamhh39l9_6_Ybh2YB4ytE5F0GugOUriua_Hgd7F5XxoAb7NmTwJTlhf4f2txm_LPNIP73OmudpwxFgMQbR8E5eSHi4fSBrZXzEitEvZ4EZnTnfFfFcjKesuDKfbM97PBvzfu5V7eYLcvw\" alt=\"\"\/><\/figure>\n\n\n\n<p>Cardinal Richelieu, divis\u00e9e par <em>https:\/\/comptoirducouteau.fr\/richelieu-est-il-vraiment-inventeur-couteau-table\/<\/em><\/p>\n\n\n\n<p><strong>L\u2019invention de la petite \u00e9p\u00e9e<\/strong><\/p>\n\n\n\n<p>Il \u00e9tait une fois un cardinal qui s&#8217;appelait Richelieu. Il habitait pendant une \u00e8re o\u00f9 le peuple marchait avec des grandes \u00e9p\u00e9es tenues fi\u00e8rement aux mains (les 1600s). C&#8217;\u00e9tait dangereux au d\u00eener ! M\u00eame si c&#8217;est facile de couper la viande avec une \u00e9p\u00e9e, c\u2019est m\u00eame plus facile de couper les autres par erreur ! Richelieu, fatigu\u00e9 par les \u00ab spectacles de mort \u00bb qui se passent pendant les repas, a utilis\u00e9 son pouvoir de l\u2019\u00e9glise pour impl\u00e9menter une nouvelle strat\u00e9gie. Il a cr\u00e9\u00e9 une \u00ab petite \u00e9p\u00e9e \u00bb, ou, comme nous l\u2019appelons au pr\u00e9sent : le couteau. Ce couteau pourrait couper les viandes, l\u00e9gumes, et fruits sans probl\u00e8me, mais il prot\u00e9gerait aussi les camarades qui se reposent \u00e0 table. Une bonne id\u00e9e ! Suivant le grand succ\u00e8s de l\u2019invention, le couteau \u00e9tait partag\u00e9 partout en France et dans le monde&#8230; ce qui nous a donn\u00e9 la s\u00e9curit\u00e9 utile dont nous avons l&#8217;habitude profitons aujourd\u2019hui.<\/p>\n\n\n\n<figure class=\"wp-block-image\"><img decoding=\"async\" src=\"https:\/\/lh4.googleusercontent.com\/xjZbwzCOn67EcME_mPwNwlzq9m-ultCehqW0M2j29zYou5_AK3RKE63KnuxEdaGvfrMDoWRCfVbZgJRTwn79JBdHSCzEkUl-8l9CwV88vDAktMLNpFt7tjQ4NmQdEfSsLudCAThlACE_Fuxcag\" alt=\"\"\/><\/figure>\n\n\n\n<p>Marie Antoinette, divis\u00e9e par <em>https:\/\/royalcentral.co.uk\/features\/marie-antoinette-last-queen-of-france-138693\/<\/em><\/p>\n\n\n\n<p><strong>\u00ab S\u2019ils n\u2019ont pas de pain&#8230; Qu\u2019ils mangent de la brioche ! \u00bb<\/strong><\/p>\n\n\n\n<p>Les mots bien connus dans le monde entier. Les mots \u00e9taient \u00e9nonc\u00e9s par Marie Antoinette, et c\u2019\u00e9tait sa r\u00e9ponse \u00e0 la pauvret\u00e9 et la famine du peuple entourant Paris et la France. Malheureusement, on ne peut pas \u00eatre certain si elle voulait dire une blague ou si elle \u00e9tait s\u00e9rieuse, mais elle a choqu\u00e9 son entourage et le public&#8230; Probablement ces mots ont donn\u00e9 plus d\u2019exigence pour sa mort pendant la R\u00e9volution Fran\u00e7aise. L&#8217;interpr\u00e9tation est diff\u00e9rente avec chaque personne qui raconte l\u2019histoire. \u00c9tait-elle d\u00e9sinvolte ? Passionnant parce qu\u2019elle parlait avec du sarcasme ? Au public, ses mots \u00e9taient s\u00e9v\u00e8res. Pour les personnes dans les rues qui avaient faim, qui mena\u00e7aient les vendeurs, ou qui manifestaient en causant des \u00e9meutes en entendant la r\u00e9ponse de la reine de leurs probl\u00e8mes&#8230; c\u2019est possible qu&#8217;on ne saura jamais la raison de ses remarques.<\/p>\n","protected":false},"excerpt":{"rendered":"<p>Cardinal Richelieu, divis\u00e9e par https:\/\/comptoirducouteau.fr\/richelieu-est-il-vraiment-inventeur-couteau-table\/ L\u2019invention de la petite \u00e9p\u00e9e Il \u00e9tait une fois un cardinal qui s&#8217;appelait Richelieu. Il &hellip; <\/p>\n","protected":false},"author":1,"featured_media":0,"comment_status":"closed","ping_status":"open","sticky":false,"template":"","format":"standard","meta":{"footnotes":""},"categories":[1],"tags":[],"class_list":["post-1930","post","type-post","status-publish","format-standard","hentry","category-uncategorized","latest_post"],"_links":{"self":[{"href":"https:\/\/www.vagovernorsschool.com\/FrenchAcademy\/wp-json\/wp\/v2\/posts\/1930","targetHints":{"allow":["GET"]}}],"collection":[{"href":"https:\/\/www.vagovernorsschool.com\/FrenchAcademy\/wp-json\/wp\/v2\/posts"}],"about":[{"href":"https:\/\/www.vagovernorsschool.com\/FrenchAcademy\/wp-json\/wp\/v2\/types\/post"}],"author":[{"embeddable":true,"href":"https:\/\/www.vagovernorsschool.com\/FrenchAcademy\/wp-json\/wp\/v2\/users\/1"}],"replies":[{"embeddable":true,"href":"https:\/\/www.vagovernorsschool.com\/FrenchAcademy\/wp-json\/wp\/v2\/comments?post=1930"}],"version-history":[{"count":2,"href":"https:\/\/www.vagovernorsschool.com\/FrenchAcademy\/wp-json\/wp\/v2\/posts\/1930\/revisions"}],"predecessor-version":[{"id":1932,"href":"https:\/\/www.vagovernorsschool.com\/FrenchAcademy\/wp-json\/wp\/v2\/posts\/1930\/revisions\/1932"}],"wp:attachment":[{"href":"https:\/\/www.vagovernorsschool.com\/FrenchAcademy\/wp-json\/wp\/v2\/media?parent=1930"}],"wp:term":[{"taxonomy":"category","embeddable":true,"href":"https:\/\/www.vagovernorsschool.com\/FrenchAcademy\/wp-json\/wp\/v2\/categories?post=1930"},{"taxonomy":"post_tag","embeddable":true,"href":"https:\/\/www.vagovernorsschool.com\/FrenchAcademy\/wp-json\/wp\/v2\/tags?post=1930"}],"curies":[{"name":"wp","href":"https:\/\/api.w.org\/{rel}","templated":true}]}}