{"id":1582,"date":"2021-07-06T15:26:48","date_gmt":"2021-07-06T19:26:48","guid":{"rendered":"http:\/\/www.vagovernorsschool.com\/FrenchAcademy\/?p=1582"},"modified":"2021-07-07T14:32:30","modified_gmt":"2021-07-07T18:32:30","slug":"les-films-francais","status":"publish","type":"post","link":"https:\/\/www.vagovernorsschool.com\/FrenchAcademy\/les-films-francais\/","title":{"rendered":"Les Films Fran\u00e7ais"},"content":{"rendered":"\n<p><strong>Par Naima<\/strong><\/p>\n\n\n\n<p>Introduction :<\/p>\n\n\n\n<p>Bonjour \u00e0 tous ! Avant qu\u2019on commence ensemble ce voyage cin\u00e9matique, je me pr\u00e9senterai. Je suis une fan du cin\u00e9ma qui aime tous les d\u00e9guisements, qui d\u00e9teste l\u2019intrigue b\u00eate, et qui pleure facilement quand un personnage meurt.&nbsp;<\/p>\n\n\n\n<p>Pourtant, toutes ces caract\u00e9ristiques sont assez communes et si ennuyeuses. La question vraiment urgente est pourquoi veux-je partager ces films avec vous ?&nbsp;<\/p>\n\n\n\n<p>Maintenant, nous vivons tous dans le monde dans lequel nous voulons simplement les divertissements simples, dans lequel nous ne cherchons pas rarement les formes de l\u2019art qui contestent nos suppositions. Et c\u2019est vraiment logique. Nous sommes toujours \u00e9bahis avec les pol\u00e9miques incontr\u00f4lables qui englobent nos jours et nos nuits. N\u00e9anmoins, c\u2019est, en m\u00eame temps, illogique \u00e9tant donn\u00e9 que notre soci\u00e9t\u00e9 et nos cultures sont \u00e9tablis sur la compr\u00e9hension que l\u2019art nous connecte.&nbsp;<\/p>\n\n\n\n<p>Ainsi, ce blog joue le r\u00f4le de sugg\u00e9rer les films qui provoquent les pens\u00e9es mais aussi jouent simplement le r\u00f4le de divertir. Bonne lecture !\u00a0<\/p>\n\n\n\n<figure class=\"wp-block-image\"><img decoding=\"async\" src=\"https:\/\/lh5.googleusercontent.com\/vW5o6MyfM4DHkZbTg3qOZG4VX7w8DYvGDzAyswKsQfhROs2Rfz5zqLzAZwUGb9YLzYsdU0h5kp9Nyh8YOCfPpBZULLtOissJBw1J4bbiAG1wSci8tHnlq1-rDdyRr-f9O0uD3OGn\" alt=\"\"\/><\/figure>\n\n\n\n<p>Ordre des Films :<\/p>\n\n\n\n<p>1. \u00a0 \u00a0 Belle et S\u00e9bastien<\/p>\n\n\n\n<p>2. \u00a0 \u00a0 Le Retour de Martin Guerre<\/p>\n\n\n\n<p><\/p>\n\n\n\n<p class=\"has-text-align-center\" style=\"font-size:25px\"><strong><em>Belle et S\u00e9bastien :<\/em><\/strong><\/p>\n\n\n\n<p>Bonjour \u00e0 tous ceux qui aiment les chiens blancs \u00e0 fourrure ! C\u2019est m\u00eame possible qu\u2019apr\u00e8s ce film, vos parents acceptent d\u2019acheter un chien. Une personne peut r\u00eaver\u2026<\/p>\n\n\n\n<p>Description :<\/p>\n\n\n\n<p><img loading=\"lazy\" decoding=\"async\" width=\"322\" height=\"181\" src=\"https:\/\/lh5.googleusercontent.com\/IE5bW6J8OU7Lu6IbiyWRM395vZ385rS3vAq1SHsEfYw2UP_xUI6t5lKYDtkTo6_lOQY77XO0cG3430OqnM-Z1oLbMka11b5V5xgpaNyAkRR2s5XKl5eE_OVVlmdkl8nQDrso7cP2\"><\/p>\n\n\n\n<p>&nbsp;&nbsp;&nbsp;&nbsp;&nbsp;&nbsp;&nbsp;&nbsp;&nbsp;&nbsp;&nbsp;&nbsp;Ce film raconte l\u2019histoire d\u2019un jeune gar\u00e7on et sa mignonne chienne. Dans les Alpes pendant la deuxi\u00e8me guerre mondiale, il existe un village pas touch\u00e9 profond\u00e9ment par la guerre. Pr\u00e8s de ce village habite un petit gar\u00e7on qui s\u2019appelle S\u00e9bastien. Un jour, avec son grand-p\u00e8re (pas biologique, mais l\u2019amour, c\u2019est tout ce qui compte), il sauve une ch\u00e8vre et d\u00e9couvre les traces d\u2019une b\u00eate \u00e9norme et violente et dangereuse qui est accus\u00e9e de tuer des agneaux et de blesser des villageois. Mais plus tard et tout seul, S\u00e9bastien affronte la b\u00eate et elle n\u2019est pas du tout b\u00eate. Au contraire, apr\u00e8s un bain rapide, elle est si belle. Pourtant, peut-il convaincre le village que la b\u00eate dont ils ont peur est en r\u00e9alit\u00e9 une belle courageuse ?&nbsp;<\/p>\n\n\n\n<p>&nbsp;&nbsp;&nbsp;&nbsp;&nbsp;&nbsp;&nbsp;&nbsp;&nbsp;&nbsp;&nbsp;&nbsp;Ajoutant au conflit central de ce film est la guerre \u2013 les Nazis qui habitent au village et qui cherchent sans arr\u00eat ceux qui cachent les juifs. Donc quand le temps arrive pour une \u00e9vasion par les Alpes avec le but de la Suisse, S\u00e9bastien, Belle, et leur amie, pourront-ils s\u2019\u00e9chapper des Nazis et sauver cette famille juive ?<\/p>\n\n\n\n<p>Mes pens\u00e9es (ATTENTION DES SPOILERS !!!) :<\/p>\n\n\n\n<p>Cette histoire est vraiment un symbole du cin\u00e9ma fran\u00e7ais. Avant que la version que je sugg\u00e8re soit faite, il y avait une s\u00e9rie de t\u00e9l\u00e9vision. Maintenant, <em>Belle et S\u00e9bastien <\/em>est seulement le premier des trois films qui d\u00e9crivent le rapport puissant entre Belle et S\u00e9bastien. En fait, si vous aimez le premier, le deuxi\u00e8me est similairement excellent mais je ne peux pas parler du troisi\u00e8me.&nbsp; Mais assez au sujet de la c\u00e9l\u00e9brit\u00e9 de ce film !&nbsp;<\/p>\n\n\n\n<p>J\u2019ai d\u2019abord regard\u00e9 ce film dans ma classe de Fran\u00e7ais 1 et j\u2019\u00e9tais tout d\u2019un coup frapp\u00e9e par la douceur de ce film, par la gentillesse des personnages, et par la subtilit\u00e9 de son th\u00e8me. En le regardant, on pense qu\u2019il est simplement un conte sympa d\u2019un gar\u00e7on et son chien, mais en r\u00e9alit\u00e9, il y a plus. C&#8217; est vraiment un message aux parents que CHAQUE ENFANT DOIT POSS\u00c9DER UN CHIEN !!!&nbsp;<\/p>\n\n\n\n<p>Non, je blague surtout parce qu\u2019il n\u2019a pas convaincu mes parents de m&#8217;acheter un chien. Quel dommage.&nbsp;<\/p>\n\n\n\n<p>Pendant que ce film montre facilement la joie insouciante de l\u2019enfance et <strong>la beaut\u00e9 des Alpes<\/strong> (<strong>vraiment si vous n\u2019\u00eates pas int\u00e9ress\u00e9 par l\u2019intrigue, regardez-le simplement pour le paysage<\/strong>), il discute aussi <strong>la complexit\u00e9 du bien et du mal<\/strong>. Nous n\u2019habitons pas au monde o\u00f9 nous avons la chance de peindre tout avec du noir et du blanc. Au contraire, la complexit\u00e9 existe partout et nous ne pouvons pas l\u2019\u00e9viter.&nbsp;<img loading=\"lazy\" decoding=\"async\" src=\"https:\/\/lh3.googleusercontent.com\/3Io4W8vt7A8E_GHxGLFol8H3xGaoHj4gxETQI09MoVoE3TZrGU7u1f8ZyrOeJMz1l83QTeCZ_y58bm5ZNhqiIc0QtiUfcgBqjizPVMNgKxv5fkdJcWJG5xhW-oJBwMYRlIkbO5_7\" width=\"328\" height=\"245\"><\/p>\n\n\n\n<p>Souvent dans les films, les personnages Nazis sont utiles pour des r\u00e9alisateurs parce qu\u2019ils montrent \u00e9videmment le mal. Personne ne peut douter le caract\u00e8re d\u2019un Nazi. Et en g\u00e9n\u00e9ral, ces r\u00e9alisateurs ont raison. Ce que les Nazis ont fait aux juifs \u00e9tait si effroyable qu\u2019il n\u2019y a pas de mots. Ceux qui doute du mal des Nazis sont aveugles \u00e0 l\u2019histoire r\u00e9elle. Toutefois, l\u2019usage des Nazis comme personnages \u00e9limine compl\u00e8tement la complexit\u00e9 du bien et du mal. Et en g\u00e9n\u00e9ral, cette \u00e9limination n\u2019est pas du tout r\u00e9fl\u00e9chie au monde. On peut facilement comprendre la raison de cette \u00e9limination et on peut m\u00eame la trouver n\u00e9cessaire afin que le monde ne se rappelle pas de l&#8217;histoire. Mais la complexit\u00e9, elle est aussi n\u00e9cessaire.&nbsp;<\/p>\n\n\n\n<p>\u00c9tant donn\u00e9 la nature paradoxale de ces sentiments \u2013 la besoin de peindre les Nazis avec le noir et le blanc et le besoin de montrer la complexit\u00e9 du gris \u2013 repr\u00e9sente les d\u00e9fis qui font face aux r\u00e9alisateurs qui d\u00e9cident \u00e0 utiliser les Nazis. Pourtant, le r\u00e9alisateur de <em>Belle et S\u00e9bastien <\/em>m\u00e9lange parfaitement les deux. Il a cr\u00e9\u00e9 des personnages Nazis qui sont compl\u00e8tement mal\u00e9fiques, mais il a aussi cr\u00e9\u00e9 un personnage Nazi qui est capable de l\u2019amour, qui risque sa vie pour aider la femme qu\u2019il aime \u00e0 cacher une famille juive. Il est vrai que l\u2019id\u00e9e que l\u2019amour vainc tout est si clich\u00e9 et assez na\u00efve. Mais on peut ignorer les implications de ce film au sujet d\u2019amour pour lequel nous ne voyons pas, au contraire, la nature illogique de diviser tous aux cat\u00e9gories du bien et du mal.<\/p>\n\n\n\n<p>Pour conclure, j\u2019esp\u00e8re que vous aimez ce film adorable et que vous vous rendez compte de l&#8217;importance de voir la complexit\u00e9, le gris, en vie. Et je vous souhaite bon courage pour convaincre vos parents d\u2019acheter un chien !! Peut-\u00eatre que vous aurez plus de chance que moi ! Une personne peut esp\u00e9rer.&nbsp;<\/p>\n\n\n\n<p>L\u2019information pour le trouver<\/p>\n\n\n\n<p>Bande Annonce (en fran\u00e7ais) : <a href=\"https:\/\/www.youtube.com\/watch?v=00cPmZTPyjw\">https:\/\/www.youtube.com\/watch?v=00cPmZTPyjw<\/a><\/p>\n\n\n\n<p>Bande Annonce (avec les sous-titres en anglais) : <a href=\"https:\/\/www.youtube.com\/watch?v=lsHJK0bgyRw\">https:\/\/www.youtube.com\/watch?v=lsHJK0bgyRw<\/a><\/p>\n\n\n\n<p>Les Plateformes : Tubi (gratuit), YouTube ($3.99), Apple TV ($4.99)<\/p>\n\n\n\n<p><\/p>\n\n\n\n<p class=\"has-text-align-center\" style=\"font-size:25px\"><strong><em>Le Retour de Martin Guerre<\/em><\/strong><\/p>\n\n\n\n<p>Un homme qui s\u2019est d\u00e9guis\u00e9 comme un autre homme dupe tout le monde ! Quel conte fantastique ! Mais attendez\u2026 c\u2019est une histoire vraie !<\/p>\n\n\n\n<p>Description :<\/p>\n\n\n\n<p><img loading=\"lazy\" decoding=\"async\" width=\"209\" height=\"310\" src=\"https:\/\/lh4.googleusercontent.com\/53uPRWsXZhyeU9HAHvxir-OhkYTChm8-pV5TAB6CNr5b4WkhMkvETAp4era4rwc33RuiFRLoLDQ2T-gNzwMlf9gfmocrOKt9Mov8JwH74otb7d-A3-6jeXeHVngJzL5Gtcfm5Glg\"><\/p>\n\n\n\n<p>&nbsp;&nbsp;&nbsp;&nbsp;&nbsp;&nbsp;&nbsp;&nbsp;&nbsp;&nbsp;&nbsp;&nbsp;Au Moyen-\u00c2ge, une jeune femme se marie&nbsp; avec un jeune homme assez b\u00eate et compl\u00e8tement irresponsable. Mais au pays catholique, on ne peut jamais \u00e9chapper \u00e0 un mariage sans la joie. Donc, c\u2019est comme une chance incroyable quand Martin Guerre dispara\u00eet. C\u2019est vrai que Bertrande (la femme) ne peut pas se marier encore jusqu\u2019\u00e0 l\u2019information certaine sur son mari y arrive. N\u00e9anmoins, maintenant, elle a un fils, une famille assez heureuse, et un manque d\u2019un mari myope.&nbsp;<\/p>\n\n\n\n<p>&nbsp;&nbsp;&nbsp;&nbsp;&nbsp;&nbsp;&nbsp;&nbsp;&nbsp;&nbsp;&nbsp;&nbsp;Ainsi, quand Martin Guerre retourne au village, Bertrande n\u2019est pas compl\u00e8tement heureuse. Mais il devient \u00e9vident que ce Martin Guerre a profond\u00e9ment chang\u00e9 depuis le jour de son d\u00e9part \u2013 il \u00e9tait \u00e9go\u00efste, mais maintenant il est sympathique ; il \u00e9tait un mari absent, mais maintenant il s&#8217;occupe de sa famille. En somme, il est fondamentalement un homme diff\u00e9rent, mais puisque ce changement est bienvenu, personne ne se plaint.&nbsp;<\/p>\n\n\n\n<p>&nbsp;&nbsp;&nbsp;&nbsp;&nbsp;&nbsp;&nbsp;&nbsp;&nbsp;&nbsp;&nbsp;&nbsp;Pourtant, quand Martin Guerre confronte son oncle au sujet d\u2019une partie de leur terre qu\u2019il voudrait vendre, l\u2019oncle d\u00e9cide d\u2019accuser son neveu d\u2019\u00eatre d\u00e9guis\u00e9, de ne pas \u00eatre son vrai neveu. \u00c0 cause de cette accusation, un proc\u00e8s \u00e9norme commence. Est-ce Martin Guerre ou seulement un acteur dou\u00e9 et Bertrande, que dira-t-elle quand le juge lui demande si cet homme est son mari ?&nbsp;<\/p>\n\n\n\n<p>Mes Pens\u00e9es (ATTENTION DES SPOILERS !!!)<\/p>\n\n\n\n<p>&nbsp;&nbsp;&nbsp;&nbsp;&nbsp;&nbsp;&nbsp;&nbsp;&nbsp;&nbsp;&nbsp;&nbsp;Il me semble que tout le monde doit regarder ce film au moins \u00e0 cause de G\u00e9rard Depardieu et plus \u00e0 cause du fait qu\u2019il est un vrai conte !! J\u2019\u00e9tais si choqu\u00e9e quand j\u2019ai d\u00e9couvert que ce film repr\u00e9sente r\u00e9ellement le pass\u00e9. En fait, il y a un livre en anglais par une historienne qui a trouv\u00e9 cette histoire bizarre. Je l\u2019ai lu aussi et le film fait un bon travail pour r\u00e9fl\u00e9chir \u00e0 l&#8217;actualit\u00e9 de ce qui s\u2019est pass\u00e9. Le film est rarement une repr\u00e9sentation fid\u00e8le du livre, mais en ce cas le vrai conte est si extraordinaire, il n\u2019a pas du tout besoin d\u2019ajouter les fantaisies.&nbsp;<\/p>\n\n\n\n<p>&nbsp;&nbsp;&nbsp;&nbsp;&nbsp;&nbsp;&nbsp;&nbsp;&nbsp;&nbsp;&nbsp;&nbsp;Par ailleurs, ce film inspire les pens\u00e9es au sujet de la nature religieuse de la France au Moyen-\u00c2ge et comment le Catholicisme a enferm\u00e9 tant de femmes dans les mariages sans l\u2019amour. Dans le film, on peut voir le d\u00e9but du conflit historique fran\u00e7ais entre les catholiques et les protestants pendant que le juge essaie de soutenir le faux Martin Guerre afin que Bertrande ait un mariage amoureux (en r\u00e9alit\u00e9, ce juge \u00e9tait br\u00fbl\u00e9 plus tard dans sa vie pour \u00eatre protestant.).&nbsp;<\/p>\n\n\n\n<p>&nbsp;M\u00eame aujourd\u2019hui la France se confronte aux pol\u00e9miques de religion, mais d\u2019une vari\u00e9t\u00e9 compl\u00e8tement diff\u00e9rente. Maintenant, leur probl\u00e8me est leur rapport avec l\u2019id\u00e9e de la la\u00efcit\u00e9. Au Moyen-\u00c2ge, le Catholicisme \u00e9tait ins\u00e9parable du gouvernement, un rapport si corrompu qu\u2019apr\u00e8s la r\u00e9volution fran\u00e7aise, les Fran\u00e7ais ont compl\u00e8tement tourn\u00e9 dans l\u2019autre direction. Et maintenant, cette direction \u2013 la la\u00efcit\u00e9 \u2013 cr\u00e9e des probl\u00e8mes similaires \u00e0 ce qui s\u2019est pass\u00e9 dans l\u2019Histoire.&nbsp;<\/p>\n\n\n\n<p><img loading=\"lazy\" decoding=\"async\" width=\"263\" height=\"187\" src=\"https:\/\/lh3.googleusercontent.com\/6_59VFLbFFXIvmx27uXNUhKBQ9OvvlmTxWoftJAoNQlHUsHNKZzcrUUvBIUBk7G9M9x_o1DyLZ0x4FwOHSr9RY-1S5BYTKOXkK5q5G_YvDw-xpvRZuRWysPIMXNXDiqe1UoXmmLR\"><\/p>\n\n\n\n<p>Maintenant, la la\u00efcit\u00e9, elle est employ\u00e9e, volontairement ou non, \u00e0 oppresser quelques religions sp\u00e9cifiques comme l\u2019Islam. Par exemple, la loi des voiles qui \u00e9tait \u00e9tablie pendant les ann\u00e9es r\u00e9centes, il parle seulement des femmes musulmanes et le fait qu\u2019il est ill\u00e9gal de porter les hijabs en public, comme dans les \u00e9coles. N\u00e9anmoins, les vacances de No\u00ebl sont une grande partie de l\u2019ann\u00e9e scolaire. Donc, les moments o\u00f9 la la\u00efcit\u00e9 est employ\u00e9e au pr\u00e9sent sont un peu suspects.&nbsp;<\/p>\n\n\n\n<p>&nbsp;&nbsp;&nbsp;&nbsp;&nbsp;&nbsp;&nbsp;&nbsp;&nbsp;&nbsp;&nbsp;&nbsp;Ce film, pendant qu\u2019il est si sympa, est d\u2019ailleurs, un rappel essentiel que l\u2019interaction entre le gouvernement et la religion est fragile et que nous devons tous \u00eatre prudents. Oui, la la\u00efcit\u00e9 a le but de r\u00e9duire la pr\u00e9sence du gouvernement en religion, mais si le gouvernement devient tant impliqu\u00e9 dans la religion pour arr\u00eater leur engagement, peut-\u00eatre \u00e7a c\u2019est un peu hypocrite. Donc faites attention maintenant aussi !&nbsp;<\/p>\n\n\n\n<p>&nbsp;&nbsp;&nbsp;&nbsp;&nbsp;&nbsp;&nbsp;&nbsp;&nbsp;&nbsp;&nbsp;&nbsp;Mais en g\u00e9n\u00e9ral, vous devriez regarder ce film simplement pour la nature bizarre de ce vrai conte ! C\u2019est vraiment choquant !!<\/p>\n\n\n\n<p>L\u2019information pour le trouver :<\/p>\n\n\n\n<p>Bande Annonce (avec les sous-titres en anglais) : <a href=\"https:\/\/www.youtube.com\/watch?v=0AN8bS3bvlM\">https:\/\/www.youtube.com\/watch?v=0AN8bS3bvlM<\/a><\/p>\n\n\n\n<p>Les Plateformes : Tubi (gratuit), Amazon Prime ($1.99), YouTube ($3.99), Apple TV ($3.99)<\/p>\n","protected":false},"excerpt":{"rendered":"<p>Par Naima Introduction : Bonjour \u00e0 tous ! Avant qu\u2019on commence ensemble ce voyage cin\u00e9matique, je me pr\u00e9senterai. Je suis &hellip; <\/p>\n","protected":false},"author":2,"featured_media":0,"comment_status":"closed","ping_status":"open","sticky":false,"template":"","format":"standard","meta":{"footnotes":""},"categories":[1],"tags":[],"class_list":["post-1582","post","type-post","status-publish","format-standard","hentry","category-uncategorized","latest_post"],"_links":{"self":[{"href":"https:\/\/www.vagovernorsschool.com\/FrenchAcademy\/wp-json\/wp\/v2\/posts\/1582","targetHints":{"allow":["GET"]}}],"collection":[{"href":"https:\/\/www.vagovernorsschool.com\/FrenchAcademy\/wp-json\/wp\/v2\/posts"}],"about":[{"href":"https:\/\/www.vagovernorsschool.com\/FrenchAcademy\/wp-json\/wp\/v2\/types\/post"}],"author":[{"embeddable":true,"href":"https:\/\/www.vagovernorsschool.com\/FrenchAcademy\/wp-json\/wp\/v2\/users\/2"}],"replies":[{"embeddable":true,"href":"https:\/\/www.vagovernorsschool.com\/FrenchAcademy\/wp-json\/wp\/v2\/comments?post=1582"}],"version-history":[{"count":2,"href":"https:\/\/www.vagovernorsschool.com\/FrenchAcademy\/wp-json\/wp\/v2\/posts\/1582\/revisions"}],"predecessor-version":[{"id":1598,"href":"https:\/\/www.vagovernorsschool.com\/FrenchAcademy\/wp-json\/wp\/v2\/posts\/1582\/revisions\/1598"}],"wp:attachment":[{"href":"https:\/\/www.vagovernorsschool.com\/FrenchAcademy\/wp-json\/wp\/v2\/media?parent=1582"}],"wp:term":[{"taxonomy":"category","embeddable":true,"href":"https:\/\/www.vagovernorsschool.com\/FrenchAcademy\/wp-json\/wp\/v2\/categories?post=1582"},{"taxonomy":"post_tag","embeddable":true,"href":"https:\/\/www.vagovernorsschool.com\/FrenchAcademy\/wp-json\/wp\/v2\/tags?post=1582"}],"curies":[{"name":"wp","href":"https:\/\/api.w.org\/{rel}","templated":true}]}}